{"id":516360,"date":"2018-02-01T09:34:27","date_gmt":"2018-02-01T15:34:27","guid":{"rendered":"https:\/\/www.futboltotal.com.mx\/?p=516360"},"modified":"2018-02-01T10:02:43","modified_gmt":"2018-02-01T16:02:43","slug":"10-tweets-que-definen-mexico-vs-bosnia","status":"publish","type":"post","link":"http:\/\/desarrollo.grupomedios.com\/futbol\/futbol-mexicano\/10-tweets-que-definen-mexico-vs-bosnia\/2018\/02","title":{"rendered":"10 tweets que definen el M\u00e9xico vs Bosnia"},"content":{"rendered":"<p>La Selecci\u00f3n Mexicana vivi\u00f3 un gris triunfo ante Bosnia y Herzegovina, un gol basto para que los del Tricolor se dieran por bien servidos, el rival fue malo pero la realidad es que los dirigidos por Juan Carlos Osorio tampoco se preocuparon por ofrecer un buen espect\u00e1culo ni un rendimiento que ilusione para Rusia 2018. Queda claro que deber\u00e1n mejorar en los meses que se vienen, pero ac\u00e1 10 tweets que definen el M\u00e9xico vs Bosnia:<\/p>\n<p><strong>1. Caghajo<\/strong><\/p>\n<blockquote class=\"twitter-tweet\" data-lang=\"es\">\n<p dir=\"ltr\" lang=\"es\">Damas y caballeros, como dice el genial Ricardo \u201cEl Tuca\u201d Ferreti: \u201cJuego molero\u201d.<\/p>\n<p>\u2014 David Faitelson (@Faitelson_ESPN) <a href=\"https:\/\/twitter.com\/Faitelson_ESPN\/status\/958908889998782466?ref_src=twsrc%5Etfw\">1 de febrero de 2018<\/a><\/p><\/blockquote>\n<p><script async src=\"https:\/\/platform.twitter.com\/widgets.js\" charset=\"utf-8\"><\/script><\/p>\n<p><strong>2. El sello de Osorio<\/strong><\/p>\n<blockquote class=\"twitter-tweet\" data-lang=\"es\">\n<p dir=\"ltr\" lang=\"es\">Por ahora muchos movimientos y cambios de posici\u00f3n en el Tricolor, con dominio Mexicano pero pocas o ninguna oportunidad clara de gol.<\/p>\n<p>\u2014 Ram\u00f3nRam\u00edrez7 (@ramon7ramirez) <a href=\"https:\/\/twitter.com\/ramon7ramirez\/status\/958895659368755200?ref_src=twsrc%5Etfw\">1 de febrero de 2018<\/a><\/p><\/blockquote>\n<p><script async src=\"https:\/\/platform.twitter.com\/widgets.js\" charset=\"utf-8\"><\/script><\/p>\n<p><strong>3. \u00bfQui\u00e9nes?<\/strong><\/p>\n<blockquote class=\"twitter-tweet\" data-lang=\"es\">\n<p dir=\"ltr\" lang=\"es\">\u00bfAparte de Vela y Gio de estos 11 qui\u00e9nes m\u00e1s podrian ir al Mundial?<\/p>\n<p>\u2014 david medrano (@medranoazteca) <a href=\"https:\/\/twitter.com\/medranoazteca\/status\/958889268751097857?ref_src=twsrc%5Etfw\">1 de febrero de 2018<\/a><\/p><\/blockquote>\n<p><script async src=\"https:\/\/platform.twitter.com\/widgets.js\" charset=\"utf-8\"><\/script><\/p>\n<p><strong>4. El rival tampoco dio mucho<\/strong><\/p>\n<blockquote class=\"twitter-tweet\" data-lang=\"es\">\n<p dir=\"ltr\" lang=\"es\">Entiendo que no es fecha FIFA pero de verdad no hab\u00eda un mejor sinodal que el equipo B-C de Bosnia Herzegovina?<\/p>\n<p>\u2014 Miguel Gurwitz (@Miguel_Gurwitz) <a href=\"https:\/\/twitter.com\/Miguel_Gurwitz\/status\/958912203490512897?ref_src=twsrc%5Etfw\">1 de febrero de 2018<\/a><\/p><\/blockquote>\n<p><script async src=\"https:\/\/platform.twitter.com\/widgets.js\" charset=\"utf-8\"><\/script><\/p>\n<p><strong>5. Muchos pensamos lo mismo (pero se escribe Giovani)<\/strong><\/p>\n<blockquote class=\"twitter-tweet\" data-lang=\"es\">\n<p dir=\"ltr\" lang=\"es\">Que manera de insistir con Geovanni do Santos que fue y dio mucho a la selecci\u00f3n, pero hace rato que no es ni la sombra, pero adem\u00e1s capit\u00e1n, por Dios. A la selecci\u00f3n se llega por lo qu\u00e9 haces, no por lo que hiciste.<\/p>\n<p>\u2014 Carlos Hermosillo (@CHermosillo27) <a href=\"https:\/\/twitter.com\/CHermosillo27\/status\/958891585118396416?ref_src=twsrc%5Etfw\">1 de febrero de 2018<\/a><\/p><\/blockquote>\n<p><script async src=\"https:\/\/platform.twitter.com\/widgets.js\" charset=\"utf-8\"><\/script><\/p>\n<p style=\"text-align: center;\"><a href=\"https:\/\/www.futboltotal.com.mx\/futbol-mexicano\/liga-mx\/gotcha-jeremy-menez-emociona-al-america\/2018\/01\">VER M\u00c1S: El gotcha de J\u00e9r\u00e9my M\u00e9nez que emociona al Am\u00e9rica<\/a><\/p>\n<p><strong>6. \u00bfSer\u00e1? o \u00bfEst\u00e1 muy verde?<\/strong><\/p>\n<blockquote class=\"twitter-tweet\" data-lang=\"es\">\n<p dir=\"ltr\" lang=\"es\">Hay jugadores j\u00f3venes que deben ir a un Mundial por su calidad, a pesar de su poca experiencia. Lo dije en un programa de La Jugada en el 2014, y lo mismo pienso ahora. En aquel entonces dije nombre y apellido: Hirving Lozano. Hoy hablo de Jonathan Gonz\u00e1lez.<\/p>\n<p>\u2014 Paco Villa (@Paco_Villa_) <a href=\"https:\/\/twitter.com\/Paco_Villa_\/status\/958917834901475329?ref_src=twsrc%5Etfw\">1 de febrero de 2018<\/a><\/p><\/blockquote>\n<p><script async src=\"https:\/\/platform.twitter.com\/widgets.js\" charset=\"utf-8\"><\/script><\/p>\n<p><strong>7. No fue un buen comienzo rumbo a Rusia 2018<\/strong><\/p>\n<blockquote class=\"twitter-tweet\" data-lang=\"es\">\n<p dir=\"ltr\" lang=\"es\">Partidos como el de San Antonio desgastan much\u00edsimo el producto selecci\u00f3n mexicana. <a href=\"https:\/\/t.co\/UGHL5KBuUT\">pic.twitter.com\/UGHL5KBuUT<\/a><\/p>\n<p>\u2014 Andre Mar\u00edn (@andremarinpuig) <a href=\"https:\/\/twitter.com\/andremarinpuig\/status\/959080287090208768?ref_src=twsrc%5Etfw\">1 de febrero de 2018<\/a><\/p><\/blockquote>\n<p><script async src=\"https:\/\/platform.twitter.com\/widgets.js\" charset=\"utf-8\"><\/script><\/p>\n<p><strong>8. Por eso hacemos el &#8216;moletour&#8217;<\/strong><\/p>\n<blockquote class=\"twitter-tweet\" data-lang=\"es\">\n<p dir=\"ltr\" lang=\"es\">26,867 aficionados pagaron boleto para el juego entre M\u00e9xico y Bosnia , no est\u00e1 nada mal<\/p>\n<p>\u2014 Ra\u00fal Orva\u00f1anos (@RaulOrvananos) <a href=\"https:\/\/twitter.com\/RaulOrvananos\/status\/958907161362366464?ref_src=twsrc%5Etfw\">1 de febrero de 2018<\/a><\/p><\/blockquote>\n<p><script async src=\"https:\/\/platform.twitter.com\/widgets.js\" charset=\"utf-8\"><\/script><\/p>\n<p><strong>9. Lo rescatable<\/strong><\/p>\n<blockquote class=\"twitter-tweet\" data-lang=\"es\">\n<p dir=\"ltr\" lang=\"es\">Con el 4 de Rafa M\u00e1rquez&#8230;<\/p>\n<p>A lo Rafa, golazo de Hugo Ayala. Qu\u00e9 bonito remate de cabeza.<\/p>\n<p>Justo 1-0 de M\u00e9xico. &#x1f1f2;&#x1f1fd;<\/p>\n<p>\u2014 Sergio Dipp (@SergioADippW) <a href=\"https:\/\/twitter.com\/SergioADippW\/status\/958905190731612160?ref_src=twsrc%5Etfw\">1 de febrero de 2018<\/a><\/p><\/blockquote>\n<p><script async src=\"https:\/\/platform.twitter.com\/widgets.js\" charset=\"utf-8\"><\/script><\/p>\n<p><strong>10. Las conclusiones<\/strong><\/p>\n<blockquote class=\"twitter-tweet\" data-lang=\"es\">\n<p dir=\"ltr\" lang=\"es\">Primer tiempo pobre individual y colectivamente, sin conclusiones de acuerdo al planteamiento mostrado por Osorio. En el segundo tiempo algo de mejor\u00eda, claridad y quiz\u00e1 se podr\u00eda rescatar algunas conclusiones.<\/p>\n<p>\u2014 Zague (@LRZague) <a href=\"https:\/\/twitter.com\/LRZague\/status\/958949540035362817?ref_src=twsrc%5Etfw\">1 de febrero de 2018<\/a><\/p><\/blockquote>\n<p><script async src=\"https:\/\/platform.twitter.com\/widgets.js\" charset=\"utf-8\"><\/script><\/p>\n<p style=\"text-align: center;\"><a href=\"https:\/\/www.futboltotal.com.mx\/futbol-internacional\/11-jugadores-pensabas-ya-estaban-retirados\/2018\/01\">VER M\u00c1S: 11 Jugadores que pensabas ya estaban retirados<\/a><\/p>\n","protected":false},"excerpt":{"rendered":"<p>La Selecci\u00f3n Mexicana tuvo un gris triunfo ante su similar de Bosnia y Herzegovina <\/p>\n","protected":false},"author":159,"featured_media":516361,"comment_status":"closed","ping_status":"closed","sticky":false,"template":"","format":"standard","meta":[],"categories":[2198,3845,3847],"tags":[11200,6196,65],"_links":{"self":[{"href":"http:\/\/desarrollo.grupomedios.com\/futbol\/wp-json\/wp\/v2\/posts\/516360"}],"collection":[{"href":"http:\/\/desarrollo.grupomedios.com\/futbol\/wp-json\/wp\/v2\/posts"}],"about":[{"href":"http:\/\/desarrollo.grupomedios.com\/futbol\/wp-json\/wp\/v2\/types\/post"}],"author":[{"embeddable":true,"href":"http:\/\/desarrollo.grupomedios.com\/futbol\/wp-json\/wp\/v2\/users\/159"}],"replies":[{"embeddable":true,"href":"http:\/\/desarrollo.grupomedios.com\/futbol\/wp-json\/wp\/v2\/comments?post=516360"}],"version-history":[{"count":2,"href":"http:\/\/desarrollo.grupomedios.com\/futbol\/wp-json\/wp\/v2\/posts\/516360\/revisions"}],"predecessor-version":[{"id":516368,"href":"http:\/\/desarrollo.grupomedios.com\/futbol\/wp-json\/wp\/v2\/posts\/516360\/revisions\/516368"}],"wp:featuredmedia":[{"embeddable":true,"href":"http:\/\/desarrollo.grupomedios.com\/futbol\/wp-json\/wp\/v2\/media\/516361"}],"wp:attachment":[{"href":"http:\/\/desarrollo.grupomedios.com\/futbol\/wp-json\/wp\/v2\/media?parent=516360"}],"wp:term":[{"taxonomy":"category","embeddable":true,"href":"http:\/\/desarrollo.grupomedios.com\/futbol\/wp-json\/wp\/v2\/categories?post=516360"},{"taxonomy":"post_tag","embeddable":true,"href":"http:\/\/desarrollo.grupomedios.com\/futbol\/wp-json\/wp\/v2\/tags?post=516360"}],"curies":[{"name":"wp","href":"https:\/\/api.w.org\/{rel}","templated":true}]}}