{"id":516372,"date":"2018-02-01T11:01:41","date_gmt":"2018-02-01T17:01:41","guid":{"rendered":"https:\/\/www.futboltotal.com.mx\/?p=516372"},"modified":"2018-02-01T11:01:41","modified_gmt":"2018-02-01T17:01:41","slug":"moreno-layun-presentados-en-la-real-sociedad-sevilla","status":"publish","type":"post","link":"http:\/\/desarrollo.grupomedios.com\/futbol\/destacado-home\/moreno-layun-presentados-en-la-real-sociedad-sevilla\/2018\/02","title":{"rendered":"Moreno y Lay\u00fan, presentados en la Real Sociedad y Sevilla"},"content":{"rendered":"<p>Los futbolistas mexicanos, <strong>H\u00e9ctor Moreno y Miguel Lay\u00fan<\/strong> fueron presentados con sus equipos , la <strong>Real Sociedad<\/strong> y el <strong>Sevilla<\/strong> respectivamente en Espa\u00f1a, ambos emigraron de sus equipos en busca de minutos que les permitan tener ritmo id\u00f3neo de cara a la <strong>Copa del Mundo de Rusia 2018<\/strong>, donde est\u00e1n contemplados por la<strong> Selecci\u00f3n Mexicana<\/strong> de<strong> Juan Carlos Osorio<\/strong>.<\/p>\n<blockquote class=\"twitter-tweet\" data-lang=\"es\">\n<p dir=\"ltr\" lang=\"und\"><a href=\"https:\/\/twitter.com\/hashtag\/NuevaFotoDePerfil?src=hash&amp;ref_src=twsrc%5Etfw\">#NuevaFotoDePerfil<\/a> <a href=\"https:\/\/t.co\/lwOH7sDGpl\">pic.twitter.com\/lwOH7sDGpl<\/a><\/p>\n<p>\u2014 Miguel Layun (@Miguel_layun) <a href=\"https:\/\/twitter.com\/Miguel_layun\/status\/959056702602731521?ref_src=twsrc%5Etfw\">1 de febrero de 2018<\/a><\/p><\/blockquote>\n<p><script async src=\"https:\/\/platform.twitter.com\/widgets.js\" charset=\"utf-8\"><\/script><\/p>\n<p style=\"text-align: center;\"><a href=\"https:\/\/www.futboltotal.com.mx\/futbol-internacional\/11-jugadores-pensabas-ya-estaban-retirados\/2018\/01\">VER M\u00c1S: 11 Jugadores que pensabas ya estaban retirados<\/a><\/p>\n<p>Ambos se mostraron felices en sus respectivas presentaciones; &#8220;<mark>Quer\u00eda estar en el Sevilla y aqu\u00ed estoy, as\u00ed que disfrutar\u00e9 al m\u00e1ximo<\/mark>&#8220;, expres\u00f3 el lateral mexicano, que junto a sus compa\u00f1eros Sandro y Roque Mesa se convirtieron en los refuerzos invernales del Sevilla.\u00a0&#8220;S\u00e9 que me voy a perder la Champions, s\u00e9 que es un sacrificio, pero <mark>vale la pena estar aqu\u00ed en el Sevilla y vale la pena vestir esta camiseta<\/mark>&#8220;, indic\u00f3 el mexicano, quien desde ayer sali\u00f3 a la banca con el equipo en el duelo de Copa del Rey y utilizar\u00e1 el dorsal &#8216;3&#8217;.<\/p>\n<blockquote class=\"twitter-tweet\" data-lang=\"es\">\n<p dir=\"ltr\" lang=\"es\">\u00a1\u00a1\u00a1<a href=\"https:\/\/twitter.com\/Miguel_layun?ref_src=twsrc%5Etfw\">@Miguel_layun<\/a>, <a href=\"https:\/\/twitter.com\/RoqueM26?ref_src=twsrc%5Etfw\">@RoqueM26<\/a> y <a href=\"https:\/\/twitter.com\/sandroramirez9?ref_src=twsrc%5Etfw\">@sandroramirez9<\/a> ya conocen el Ram\u00f3n S\u00e1nchez-Pizju\u00e1n!!! &#x1f64c;\u2764 <a href=\"https:\/\/t.co\/IRx1AxJeMb\">pic.twitter.com\/IRx1AxJeMb<\/a><\/p>\n<p>\u2014 Sevilla F\u00fatbol Club (@SevillaFC) <a href=\"https:\/\/twitter.com\/SevillaFC\/status\/959102305659482113?ref_src=twsrc%5Etfw\">1 de febrero de 2018<\/a><\/p><\/blockquote>\n<p><script async src=\"https:\/\/platform.twitter.com\/widgets.js\" charset=\"utf-8\"><\/script><\/p>\n<p>Por su parte el defensa central mexicano, <strong>H\u00e9ctor Moreno<\/strong> busc\u00f3 su salida del AS Roma donde no logr\u00f3 encontrar minutos par disputar la Copa del Mundo;\u00a0\u201cMes sent\u00ed valorado por ello, por los tres (presidente, directivo y estratega) y eso ni tiene precio; <mark>hay un lugar donde te valoran m\u00e1s y otras menos<\/mark>\u201d, expres\u00f3 en su presentaci\u00f3n.<\/p>\n<blockquote class=\"twitter-tweet\" data-lang=\"es\">\n<p dir=\"ltr\" lang=\"eu\">Prest kamiseta berriarekin! &#x1f499;\u26aa\ufe0f <a href=\"https:\/\/twitter.com\/hashtag\/RealSociedad?src=hash&amp;ref_src=twsrc%5Etfw\">#RealSociedad<\/a> <a href=\"https:\/\/t.co\/nqqWwUvJ8W\">pic.twitter.com\/nqqWwUvJ8W<\/a><\/p>\n<p>\u2014 Real Sociedad F\u00fatbol (@RealSociedad) <a href=\"https:\/\/twitter.com\/RealSociedad\/status\/959106711620636672?ref_src=twsrc%5Etfw\">1 de febrero de 2018<\/a><\/p><\/blockquote>\n<p><script async src=\"https:\/\/platform.twitter.com\/widgets.js\" charset=\"utf-8\"><\/script><\/p>\n<p>\u201c<mark>Quiero llegar al Mundial de la mejor manera, y la mejora manera de hacer eso es jugando<\/mark>; nadie me ha dicho que ser\u00e9 titular del primer d\u00eda\u201d, expres\u00f3 el defensa mexicano, quien indic\u00f3 adem\u00e1s que su idea no era salir de Italia, pero al momento de recibir la llamada de su agente y saber el inter\u00e9s de los donostiarras su idea cambi\u00f3 considerablemente.<\/p>\n<blockquote class=\"twitter-tweet\" data-lang=\"es\">\n<p dir=\"ltr\" lang=\"es\">.<a href=\"https:\/\/twitter.com\/HectorMorenoh?ref_src=twsrc%5Etfw\">@HectorMorenoh<\/a>: \u201cSalgo de un gran club y llego a otro gran club. Hay mucha juventud y calidad en este club\u201d <a href=\"https:\/\/twitter.com\/hashtag\/RealSociedad?src=hash&amp;ref_src=twsrc%5Etfw\">#RealSociedad<\/a> <a href=\"https:\/\/t.co\/3gW73BeDnm\">pic.twitter.com\/3gW73BeDnm<\/a><\/p>\n<p>\u2014 Real Sociedad F\u00fatbol (@RealSociedad) <a href=\"https:\/\/twitter.com\/RealSociedad\/status\/959104754789093376?ref_src=twsrc%5Etfw\">1 de febrero de 2018<\/a><\/p><\/blockquote>\n<p><script async src=\"https:\/\/platform.twitter.com\/widgets.js\" charset=\"utf-8\"><\/script><\/p>\n<p style=\"text-align: center;\"><a href=\"https:\/\/www.futboltotal.com.mx\/futbol-mexicano\/seleccion-mexicana\/10-tweets-que-definen-el-mexico-vs-bosnia\/2018\/02\">VER M\u00c1S: 10 tweets que definen el M\u00e9xico vs Bosnia<\/a><\/p>\n","protected":false},"excerpt":{"rendered":"<p>Ambos futbolistas mexicanos cambiaron de aires en busca de minutos para llegar a Rusia 2018<\/p>\n","protected":false},"author":159,"featured_media":516373,"comment_status":"closed","ping_status":"closed","sticky":false,"template":"","format":"standard","meta":[],"categories":[5,3839,3844],"tags":[253,5987,6114,1035,102,49],"_links":{"self":[{"href":"http:\/\/desarrollo.grupomedios.com\/futbol\/wp-json\/wp\/v2\/posts\/516372"}],"collection":[{"href":"http:\/\/desarrollo.grupomedios.com\/futbol\/wp-json\/wp\/v2\/posts"}],"about":[{"href":"http:\/\/desarrollo.grupomedios.com\/futbol\/wp-json\/wp\/v2\/types\/post"}],"author":[{"embeddable":true,"href":"http:\/\/desarrollo.grupomedios.com\/futbol\/wp-json\/wp\/v2\/users\/159"}],"replies":[{"embeddable":true,"href":"http:\/\/desarrollo.grupomedios.com\/futbol\/wp-json\/wp\/v2\/comments?post=516372"}],"version-history":[{"count":1,"href":"http:\/\/desarrollo.grupomedios.com\/futbol\/wp-json\/wp\/v2\/posts\/516372\/revisions"}],"predecessor-version":[{"id":516375,"href":"http:\/\/desarrollo.grupomedios.com\/futbol\/wp-json\/wp\/v2\/posts\/516372\/revisions\/516375"}],"wp:featuredmedia":[{"embeddable":true,"href":"http:\/\/desarrollo.grupomedios.com\/futbol\/wp-json\/wp\/v2\/media\/516373"}],"wp:attachment":[{"href":"http:\/\/desarrollo.grupomedios.com\/futbol\/wp-json\/wp\/v2\/media?parent=516372"}],"wp:term":[{"taxonomy":"category","embeddable":true,"href":"http:\/\/desarrollo.grupomedios.com\/futbol\/wp-json\/wp\/v2\/categories?post=516372"},{"taxonomy":"post_tag","embeddable":true,"href":"http:\/\/desarrollo.grupomedios.com\/futbol\/wp-json\/wp\/v2\/tags?post=516372"}],"curies":[{"name":"wp","href":"https:\/\/api.w.org\/{rel}","templated":true}]}}