{"id":516374,"date":"2018-02-01T11:08:14","date_gmt":"2018-02-01T17:08:14","guid":{"rendered":"https:\/\/www.futboltotal.com.mx\/?p=516374"},"modified":"2018-02-01T11:08:14","modified_gmt":"2018-02-01T17:08:14","slug":"presidente-del-deportivo-revelo-cuanto-pago-pumas-arribas","status":"publish","type":"post","link":"http:\/\/desarrollo.grupomedios.com\/futbol\/futbol-mexicano\/presidente-del-deportivo-revelo-cuanto-pago-pumas-arribas\/2018\/02","title":{"rendered":"Presidente del Deportivo revel\u00f3 cu\u00e1nto pag\u00f3 Pumas por Arribas"},"content":{"rendered":"<p>El presidente del <strong>RC Deportivo<\/strong>, <strong>Tino Fern\u00e1ndez<\/strong>, ha revelado este jueves que <strong>Pumas<\/strong>\u00a0 abon\u00f3 en diciembre al conjunto gallego algo m\u00e1s de 1,5 millones de euros para adquirir al central <strong>Alejandro Arribas<\/strong>.<\/p>\n<p>El dirigente deportivista admiti\u00f3 en rueda de prensa que la operaci\u00f3n entre los clubes para el traspaso del madrile\u00f1o se cerr\u00f3 &#8220;en torno al mill\u00f3n y medio de euros, un poquito m\u00e1s&#8221;.<\/p>\n<p style=\"text-align: center;\"><span style=\"color: #3366ff;\"><a href=\"https:\/\/www.futboltotal.com.mx\/futbol-internacional\/liga-de-espana\/moreno-layun-presentados-en-la-real-sociedad-sevilla\/2018\/02\">VER M\u00c1S: Voreno y Lay\u00fan, presentados en la Real Sociedad y Sevilla<\/a><\/span><\/p>\n<p>Adem\u00e1s, precis\u00f3 que su venta &#8220;fue una decisi\u00f3n valorada por la direcci\u00f3n deportiva en su momento y el cuerpo t\u00e9cnico&#8221; y como consecuencia tambi\u00e9n de &#8220;la presi\u00f3n del jugador&#8221;, que estaba &#8220;molesto o descontento con la situaci\u00f3n que ten\u00eda&#8221; en el equipo.<\/p>\n<p>Su venta, coment\u00f3 Fern\u00e1ndez, aport\u00f3 &#8220;los fondos que han nutrido los movimientos&#8221; del Deportivo en el mercado invernal. EFE<\/p>\n<blockquote class=\"twitter-tweet\" data-width=\"500\">\n<p lang=\"es\" dir=\"ltr\">Tino Fern\u00e1ndez atendi\u00f3 a los medios de comunicaci\u00f3n esta ma\u00f1ana en la sala de prensa de <a href=\"https:\/\/twitter.com\/hashtag\/AbancaRiazor?src=hash&amp;ref_src=twsrc%5Etfw\">#AbancaRiazor<\/a>. Ya puedes ver su comparecencia \u00edntegra aqu\u00ed <a href=\"https:\/\/twitter.com\/hashtag\/D%C3%89POR?src=hash&amp;ref_src=twsrc%5Etfw\">#D\u00c9POR<\/a> <a href=\"https:\/\/t.co\/FYm1vDivXs\">https:\/\/t.co\/FYm1vDivXs<\/a><\/p>\n<p>&mdash; RC Deportivo (@RCDeportivo) <a href=\"https:\/\/twitter.com\/RCDeportivo\/status\/959079945036271616?ref_src=twsrc%5Etfw\">February 1, 2018<\/a><\/p><\/blockquote>\n<p><script async src=\"https:\/\/platform.twitter.com\/widgets.js\" charset=\"utf-8\"><\/script><\/p>\n","protected":false},"excerpt":{"rendered":"<p>El conjunto mexicano contrat\u00f3 al espa\u00f1ol para este Clausura 2018.<\/p>\n","protected":false},"author":129,"featured_media":515828,"comment_status":"closed","ping_status":"closed","sticky":false,"template":"","format":"standard","meta":[],"categories":[2198,3845],"tags":[11698,217,3883,6114,64],"_links":{"self":[{"href":"http:\/\/desarrollo.grupomedios.com\/futbol\/wp-json\/wp\/v2\/posts\/516374"}],"collection":[{"href":"http:\/\/desarrollo.grupomedios.com\/futbol\/wp-json\/wp\/v2\/posts"}],"about":[{"href":"http:\/\/desarrollo.grupomedios.com\/futbol\/wp-json\/wp\/v2\/types\/post"}],"author":[{"embeddable":true,"href":"http:\/\/desarrollo.grupomedios.com\/futbol\/wp-json\/wp\/v2\/users\/129"}],"replies":[{"embeddable":true,"href":"http:\/\/desarrollo.grupomedios.com\/futbol\/wp-json\/wp\/v2\/comments?post=516374"}],"version-history":[{"count":1,"href":"http:\/\/desarrollo.grupomedios.com\/futbol\/wp-json\/wp\/v2\/posts\/516374\/revisions"}],"predecessor-version":[{"id":516376,"href":"http:\/\/desarrollo.grupomedios.com\/futbol\/wp-json\/wp\/v2\/posts\/516374\/revisions\/516376"}],"wp:featuredmedia":[{"embeddable":true,"href":"http:\/\/desarrollo.grupomedios.com\/futbol\/wp-json\/wp\/v2\/media\/515828"}],"wp:attachment":[{"href":"http:\/\/desarrollo.grupomedios.com\/futbol\/wp-json\/wp\/v2\/media?parent=516374"}],"wp:term":[{"taxonomy":"category","embeddable":true,"href":"http:\/\/desarrollo.grupomedios.com\/futbol\/wp-json\/wp\/v2\/categories?post=516374"},{"taxonomy":"post_tag","embeddable":true,"href":"http:\/\/desarrollo.grupomedios.com\/futbol\/wp-json\/wp\/v2\/tags?post=516374"}],"curies":[{"name":"wp","href":"https:\/\/api.w.org\/{rel}","templated":true}]}}