{"id":516383,"date":"2018-02-01T13:10:25","date_gmt":"2018-02-01T19:10:25","guid":{"rendered":"https:\/\/www.futboltotal.com.mx\/?p=516383"},"modified":"2018-02-01T21:06:52","modified_gmt":"2018-02-02T03:06:52","slug":"jair-pereira-debuta-cantante","status":"publish","type":"post","link":"http:\/\/desarrollo.grupomedios.com\/futbol\/futbol-mexicano\/jair-pereira-debuta-cantante\/2018\/02","title":{"rendered":"Jair Pereira debuta como cantante"},"content":{"rendered":"<p>El defensa de las <strong>Chivas<\/strong>, <strong>Jair Pereira<\/strong>, demostr\u00f3 que no nada m\u00e1s tiene cualidades para jugar futbol y defender la porter\u00eda del equipo de <strong>Mat\u00edas Almeyda<\/strong>, sino tambi\u00e9n tiene una buena voz para cantar y el piano.<\/p>\n<p>Fue a trav\u00e9s de su cuenta de Instagram donde Pereira mostr\u00f3 sus dotes musicales, pues el morelense apareci\u00f3 con chamarra de piel y lentes obscuros mientras interpretaba su canci\u00f3n.<\/p>\n<p>El zaguero apareci\u00f3 interpretando la canci\u00f3n <em>C\u00f3mo Mirarte<\/em>, del colombiano <strong>Sebasti\u00e1n Yatra<\/strong>.<\/p>\n<p style=\"text-align: center;\"><span style=\"color: #3366ff;\"><a href=\"https:\/\/www.futboltotal.com.mx\/futbol-mexicano\/liga-mx\/carlos-hermosillo-cansado-ver-a-giovani-dos-santos-en-tri\/2018\/02\">VER M\u00c1S: Carlos Hermosillo, cansado de ver a Giovani Dos Santos en el TRI<\/a><\/span><\/p>\n<blockquote class=\"instagram-media\" style=\"background: #FFF; border: 0; border-radius: 3px; box-shadow: 0 0 1px 0 rgba(0,0,0,0.5),0 1px 10px 0 rgba(0,0,0,0.15); margin: 1px; max-width: 658px; padding: 0; width: calc(100% - 2px);\" data-instgrm-permalink=\"https:\/\/www.instagram.com\/p\/BeoajOuBCE0\/\" data-instgrm-version=\"8\">\n<div style=\"padding: 8px;\">\n<div style=\"background: #F8F8F8; line-height: 0; margin-top: 40px; padding: 62.5% 0; text-align: center; width: 100%;\"><\/div>\n<p style=\"color: #c9c8cd; font-family: Arial,sans-serif; font-size: 14px; line-height: 17px; margin-bottom: 0; margin-top: 8px; overflow: hidden; padding: 8px 0 7px; text-align: center; text-overflow: ellipsis; white-space: nowrap;\"><a style=\"color: #c9c8cd; font-family: Arial,sans-serif; font-size: 14px; font-style: normal; font-weight: normal; line-height: 17px; text-decoration: none;\" href=\"https:\/\/www.instagram.com\/p\/BeoajOuBCE0\/\" target=\"_blank\" rel=\"noopener\">A post shared by Jair Pereira Oficial (@jairpereira16)<\/a> on <time style=\"font-family: Arial,sans-serif; font-size: 14px; line-height: 17px;\" datetime=\"2018-01-31T23:05:09+00:00\">Jan 31, 2018 at 3:05pm PST<\/time><\/p>\n<\/div>\n<\/blockquote>\n<p><script async defer src=\"\/\/platform.instagram.com\/en_US\/embeds.js\"><\/script><\/p>\n<p>Sus compa\u00f1eros de Chivas aprovecharon para burlarse en los comentarios de su perfil.<\/p>\n<p>&#8220;Esa es tu profesi\u00f3n, hermano&#8221;, le public\u00f3 <strong>Edwin Hern\u00e1ndez<\/strong>, mientras que el delantero <strong>Alan Pulido<\/strong> fue m\u00e1s jocoso.<\/p>\n<p>&#8220;Qu\u00e9 guapo y qu\u00e9 lindo cantas @jairpereira16 espero y sea para m\u00ed esa canci\u00f3n, soy tu \u00eddolo jajajajajajaajajajajaja&#8221;, coment\u00f3 Pulido.<\/p>\n","protected":false},"excerpt":{"rendered":"<p>El central de Chivas apareci\u00f3 cantando en su cuenta de Instagram.<\/p>\n","protected":false},"author":129,"featured_media":464756,"comment_status":"closed","ping_status":"closed","sticky":false,"template":"","format":"standard","meta":[],"categories":[2198,3845],"tags":[70,3883,955,64],"_links":{"self":[{"href":"http:\/\/desarrollo.grupomedios.com\/futbol\/wp-json\/wp\/v2\/posts\/516383"}],"collection":[{"href":"http:\/\/desarrollo.grupomedios.com\/futbol\/wp-json\/wp\/v2\/posts"}],"about":[{"href":"http:\/\/desarrollo.grupomedios.com\/futbol\/wp-json\/wp\/v2\/types\/post"}],"author":[{"embeddable":true,"href":"http:\/\/desarrollo.grupomedios.com\/futbol\/wp-json\/wp\/v2\/users\/129"}],"replies":[{"embeddable":true,"href":"http:\/\/desarrollo.grupomedios.com\/futbol\/wp-json\/wp\/v2\/comments?post=516383"}],"version-history":[{"count":2,"href":"http:\/\/desarrollo.grupomedios.com\/futbol\/wp-json\/wp\/v2\/posts\/516383\/revisions"}],"predecessor-version":[{"id":516442,"href":"http:\/\/desarrollo.grupomedios.com\/futbol\/wp-json\/wp\/v2\/posts\/516383\/revisions\/516442"}],"wp:featuredmedia":[{"embeddable":true,"href":"http:\/\/desarrollo.grupomedios.com\/futbol\/wp-json\/wp\/v2\/media\/464756"}],"wp:attachment":[{"href":"http:\/\/desarrollo.grupomedios.com\/futbol\/wp-json\/wp\/v2\/media?parent=516383"}],"wp:term":[{"taxonomy":"category","embeddable":true,"href":"http:\/\/desarrollo.grupomedios.com\/futbol\/wp-json\/wp\/v2\/categories?post=516383"},{"taxonomy":"post_tag","embeddable":true,"href":"http:\/\/desarrollo.grupomedios.com\/futbol\/wp-json\/wp\/v2\/tags?post=516383"}],"curies":[{"name":"wp","href":"https:\/\/api.w.org\/{rel}","templated":true}]}}