{"id":516393,"date":"2018-02-01T15:41:59","date_gmt":"2018-02-01T21:41:59","guid":{"rendered":"https:\/\/www.futboltotal.com.mx\/?p=516393"},"modified":"2018-02-01T15:41:59","modified_gmt":"2018-02-01T21:41:59","slug":"hugo-ayala-mejor-defensa-mexicano-juninho","status":"publish","type":"post","link":"http:\/\/desarrollo.grupomedios.com\/futbol\/futbol-mexicano\/hugo-ayala-mejor-defensa-mexicano-juninho\/2018\/02","title":{"rendered":"Hugo Ayala, el mejor defensa mexicano: Juninho"},"content":{"rendered":"<p>M\u00e9xico se est\u00e1 preparando para la <strong>Copa del Mundo de Rusia 2018<\/strong> y desea tener una defensa s\u00f3lida, el central de los <strong>Tigres UANL, Hugo Ayala<\/strong> es uno de los considerados por <strong>Juan Carlos Osorio<\/strong> y sus compa\u00f1eros de equipo lo ven como el mejor defensa central que juega actualmente en el futbol mexicano.<\/p>\n<p><mark>\u201cLo de Hugo la verdad es el mejor defensa de M\u00e9xico,\u00a0<b>Hugo Ayala<\/b>, el mejor defensa mexicano y no de hoy,<\/mark> de hace algunos a\u00f1os ya porque lo ha demostrado con resultados y n\u00fameros\u201d, expres\u00f3 Juninho, su compa\u00f1ero de equipo en conferencia de prensa, adem\u00e1s que indic\u00f3 que lo ve en el Mundial.<\/p>\n<p style=\"text-align: center;\"><a href=\"https:\/\/www.futboltotal.com.mx\/futbol-internacional\/liga-de-espana\/los-porteros-los-pelea-real-madrid-psg\/2018\/02\">VER M\u00c1S: Los porteros por los que pelea Real Madrid y PSG<\/a><\/p>\n<p>\u201cQuien quiera ver otra cosa, pues bueno, ya el gusto del entrenador y todo eso, <mark>pero para m\u00ed Hugo debe estar ah\u00ed. Es un jugador que est\u00e1 jugando y un jugador que quiere estar en el Mundial,<\/mark> tiene que estar jugando, tiene que estar en actividad en su equipo mostrando su capacidad\u201d, opin\u00f3 el defensa brasile\u00f1o naturalizado mexicano.<\/p>\n<p>Por otro lado indic\u00f3 que luego del M\u00e9xico vs Bosnia espera que sus compa\u00f1eros del Tri puedan convencer al estratega colombiano para que los anote en la lista de los 23 para la justa veraniega.<\/p>\n<p>\u201cMe da gusto por Huguito que meti\u00f3 un golazo de cabeza, me da mucho gusto porque llega en un momento de definici\u00f3n en donde el entrenador por ah\u00ed tiene algunas dudas en su lista final y es muy importante que en estos partidos amistosos que tengan la oportunidad de hacer lo mejor y si tiene alguna duda el entrenador, con buenas actuaciones pueden quitar esa duda\u201d, expres\u00f3.<\/p>\n<p style=\"text-align: center;\"><a href=\"https:\/\/www.futboltotal.com.mx\/futbol-mexicano\/liga-mx\/cruz-azul-recupera-a-dos-piezas-clausura-2018\/2018\/02\">VER M\u00c1S: Cruz Azul recupera a dos piezas para el Clausura 2018<\/a><\/p>\n<p>&nbsp;<\/p>\n","protected":false},"excerpt":{"rendered":"<p>El defensa de los Tigres UANL fue el h\u00e9roe del encuentro ante Bosnia con la Selecci\u00f3n Mexicana<\/p>\n","protected":false},"author":159,"featured_media":516394,"comment_status":"closed","ping_status":"closed","sticky":false,"template":"","format":"standard","meta":[],"categories":[2198,3845],"tags":[1107,1258,65,570,409],"_links":{"self":[{"href":"http:\/\/desarrollo.grupomedios.com\/futbol\/wp-json\/wp\/v2\/posts\/516393"}],"collection":[{"href":"http:\/\/desarrollo.grupomedios.com\/futbol\/wp-json\/wp\/v2\/posts"}],"about":[{"href":"http:\/\/desarrollo.grupomedios.com\/futbol\/wp-json\/wp\/v2\/types\/post"}],"author":[{"embeddable":true,"href":"http:\/\/desarrollo.grupomedios.com\/futbol\/wp-json\/wp\/v2\/users\/159"}],"replies":[{"embeddable":true,"href":"http:\/\/desarrollo.grupomedios.com\/futbol\/wp-json\/wp\/v2\/comments?post=516393"}],"version-history":[{"count":1,"href":"http:\/\/desarrollo.grupomedios.com\/futbol\/wp-json\/wp\/v2\/posts\/516393\/revisions"}],"predecessor-version":[{"id":516395,"href":"http:\/\/desarrollo.grupomedios.com\/futbol\/wp-json\/wp\/v2\/posts\/516393\/revisions\/516395"}],"wp:featuredmedia":[{"embeddable":true,"href":"http:\/\/desarrollo.grupomedios.com\/futbol\/wp-json\/wp\/v2\/media\/516394"}],"wp:attachment":[{"href":"http:\/\/desarrollo.grupomedios.com\/futbol\/wp-json\/wp\/v2\/media?parent=516393"}],"wp:term":[{"taxonomy":"category","embeddable":true,"href":"http:\/\/desarrollo.grupomedios.com\/futbol\/wp-json\/wp\/v2\/categories?post=516393"},{"taxonomy":"post_tag","embeddable":true,"href":"http:\/\/desarrollo.grupomedios.com\/futbol\/wp-json\/wp\/v2\/tags?post=516393"}],"curies":[{"name":"wp","href":"https:\/\/api.w.org\/{rel}","templated":true}]}}