{"id":516396,"date":"2018-02-01T16:33:32","date_gmt":"2018-02-01T22:33:32","guid":{"rendered":"https:\/\/www.futboltotal.com.mx\/?p=516396"},"modified":"2018-02-01T16:33:32","modified_gmt":"2018-02-01T22:33:32","slug":"25-jugadores-dejaron-la-liga-mx-este-clausura-2018","status":"publish","type":"post","link":"http:\/\/desarrollo.grupomedios.com\/futbol\/futbol-mexicano\/25-jugadores-dejaron-la-liga-mx-este-clausura-2018\/2018\/02","title":{"rendered":"25 jugadores que dejaron la Liga MX para el Clausura 2018"},"content":{"rendered":"<p>Se cerr\u00f3 el mercado invernal y en la<strong> Liga MX<\/strong> se marcharon varios futbolistas al extranjero, dejando este <strong>Clausura 2018<\/strong> el pa\u00eds y a sus equipos, algunos por necesidad de minutos, otros por bajo nivel y algunos m\u00e1s en busca de una mejora. Lo cierto es que ya no los veremos m\u00e1s en las canchas de M\u00e9xico.<\/p>\n<p>En total fueron<strong> 25 los jugadores<\/strong> que se marcharon al extranjero. Aqu\u00ed la lista completa:<\/p>\n<p style=\"text-align: center;\"><a href=\"https:\/\/www.futboltotal.com.mx\/futbol-internacional\/liga-de-inglaterra\/mourinho-pogba-se-encienden-en-acalorada-discusion\/2018\/02\">VER M\u00c1S: Mourinho y Pogba se encienden en acalorada discusi\u00f3n<\/a><\/p>\n<p><mark>Am\u00e9rica:<\/mark> Cristhian Paredes (Portland Timbers) y Silvio Romero (Independiente).<\/p>\n<p><mark>Atlas:<\/mark>\u00a0Fidel Mart\u00ednez (Pe\u00f1arol).<\/p>\n<p><mark>Cruz Azul:\u00a0<\/mark>Gabriel Pe\u00f1alba (Las Palmas) y Alejandro Faurl\u00edn\u00a0(Mallorca).<\/p>\n<p><mark>Club Le\u00f3n:\u00a0<\/mark>Jorge Pereyra (Johor Darul, Malasia).<\/p>\n<p><mark>Rayados de Monterrey:<\/mark>\u00a0Edgar Castillo (Colorado Rapids), Efra\u00edn Ju\u00e1rez (Vancouver Whitecaps), Neri Cardozo (Racing de Avellaneda) y Marco Bueno (Evert\u00f3n de Vi\u00f1a del Mar).<\/p>\n<p><mark>Monarcas Morelia:<\/mark>\u00a0Andy Polo (Portland Timbers).<\/p>\n<p><mark>Tuzos de Pachuca:<\/mark>\u00a0Germ\u00e1n Cano (Independiente de Medell\u00edn).<\/p>\n<p><mark>Puebla:<\/mark> F\u00e9lix Micolta (Am\u00e9rica de Cali).<\/p>\n<p><mark>Santos Laguna:<\/mark> Emiliano Armenteros (Rayo Vallecano).<\/p>\n<p><mark>Tigres UANL:\u00a0<\/mark>Uvaldo Luna (Once Caldas).<\/p>\n<p><mark>Toluca:<\/mark>\u00a0Jes\u00fas M\u00e9ndez (V\u00e9lez) y Rodrigo G\u00f3mez (Uni\u00f3n de Santa Fe).<\/p>\n<p><mark>Xolos de Tijuana:\u00a0<\/mark>Mat\u00edas Aguirregaray (Las Palmas) y Enzo Kalinski (Banfield).<\/p>\n<p><mark>Tiburones Rojos de Veracruz:<\/mark>\u00a0Rafael Acosta (Zbrojovka Brno) y Rodrigo Holgado (Coquimbo Unido).<\/p>\n<p><mark>Rayos de Necaxa:\u00a0<\/mark>Othoniel Arce (Lamia FC), Facundo Pereyra (Gimnasia y Esgrima),\u00a0Pablo Vel\u00e1zquez (Guaran\u00ed) y Manuel Iturra (M\u00e1laga).<\/p>\n<p style=\"text-align: center;\"><a href=\"https:\/\/www.futboltotal.com.mx\/futbol-mexicano\/liga-mx\/jair-pereirea-debuta-cantante\/2018\/02\">VER M\u00c1S: Jair Pereirea debuta como cantante<\/a><\/p>\n","protected":false},"excerpt":{"rendered":"<p>El futbol mexicano tuvo bajas y no volver\u00e1 a ver a estos futbolistas en este semestre<\/p>\n","protected":false},"author":159,"featured_media":516400,"comment_status":"closed","ping_status":"closed","sticky":false,"template":"","format":"standard","meta":[],"categories":[7570,2198,3845],"tags":[2794,9028,3883,64,3664],"_links":{"self":[{"href":"http:\/\/desarrollo.grupomedios.com\/futbol\/wp-json\/wp\/v2\/posts\/516396"}],"collection":[{"href":"http:\/\/desarrollo.grupomedios.com\/futbol\/wp-json\/wp\/v2\/posts"}],"about":[{"href":"http:\/\/desarrollo.grupomedios.com\/futbol\/wp-json\/wp\/v2\/types\/post"}],"author":[{"embeddable":true,"href":"http:\/\/desarrollo.grupomedios.com\/futbol\/wp-json\/wp\/v2\/users\/159"}],"replies":[{"embeddable":true,"href":"http:\/\/desarrollo.grupomedios.com\/futbol\/wp-json\/wp\/v2\/comments?post=516396"}],"version-history":[{"count":1,"href":"http:\/\/desarrollo.grupomedios.com\/futbol\/wp-json\/wp\/v2\/posts\/516396\/revisions"}],"predecessor-version":[{"id":516403,"href":"http:\/\/desarrollo.grupomedios.com\/futbol\/wp-json\/wp\/v2\/posts\/516396\/revisions\/516403"}],"wp:featuredmedia":[{"embeddable":true,"href":"http:\/\/desarrollo.grupomedios.com\/futbol\/wp-json\/wp\/v2\/media\/516400"}],"wp:attachment":[{"href":"http:\/\/desarrollo.grupomedios.com\/futbol\/wp-json\/wp\/v2\/media?parent=516396"}],"wp:term":[{"taxonomy":"category","embeddable":true,"href":"http:\/\/desarrollo.grupomedios.com\/futbol\/wp-json\/wp\/v2\/categories?post=516396"},{"taxonomy":"post_tag","embeddable":true,"href":"http:\/\/desarrollo.grupomedios.com\/futbol\/wp-json\/wp\/v2\/tags?post=516396"}],"curies":[{"name":"wp","href":"https:\/\/api.w.org\/{rel}","templated":true}]}}