{"id":516461,"date":"2018-02-02T12:26:21","date_gmt":"2018-02-02T18:26:21","guid":{"rendered":"https:\/\/www.futboltotal.com.mx\/?p=516461"},"modified":"2018-02-02T12:26:21","modified_gmt":"2018-02-02T18:26:21","slug":"lamentables-burlas-nacional-accidente-chapecoense","status":"publish","type":"post","link":"http:\/\/desarrollo.grupomedios.com\/futbol\/futbol-internacional\/lamentables-burlas-nacional-accidente-chapecoense\/2018\/02","title":{"rendered":"Lamentable burla de hinchas sobre accidente de Chapecoense"},"content":{"rendered":"<p>Algunos hinchas del club\u00a0<strong>Nacional de Uruguay<\/strong> realizaron lamentables acciones al imitar la ca\u00edda de un avi\u00f3n en una provocaci\u00f3n para los aficionados del equipo brasile\u00f1o <strong>Chapecoense<\/strong>, esto durante el enfrentamiento que vivieron este mi\u00e9rcoles por la <strong>Copa Libertadores<\/strong>, de acuerdo a varios videos que han circulado en redes sociales.<\/p>\n<p>Los clips filtrados han sido en la\u00a0Arena Cond\u00e1 estadio de Chapecoense y muestra a los hinchas del equipo de Montevideo imitando los gestos corporales de un avi\u00f3n en picada, haciendo referencia al famoso y lamentable accidente de la aeronave que se<strong> desplom\u00f3 el\u00a028 de noviembre de 2016, con un saldo de 71 muertos<\/strong>.<\/p>\n<blockquote class=\"twitter-tweet\" data-lang=\"es\">\n<p dir=\"ltr\" lang=\"pt\">Agora eu sei porque o Felipe Melo disse que se precisasse daria tapa na cara de uruguaio&#8230; Que lament\u00e1vel ver essas cenas, lixos imitando o avi\u00e3o caindo, insinuando a trag\u00e9dia da Chape!<\/p>\n<p>Chapecoense 0x1 Nacional (URU) <a href=\"https:\/\/t.co\/opA1G3sp19\">pic.twitter.com\/opA1G3sp19<\/a><\/p>\n<p>\u2014 Palmeirense News \u2117 (@PalmeirenseNews) <a href=\"https:\/\/twitter.com\/PalmeirenseNews\/status\/959182946329661441?ref_src=twsrc%5Etfw\">1 de febrero de 2018<\/a><\/p><\/blockquote>\n<p><script async src=\"https:\/\/platform.twitter.com\/widgets.js\" charset=\"utf-8\"><\/script><\/p>\n<p style=\"text-align: center;\"><a href=\"https:\/\/www.futboltotal.com.mx\/futbol-mexicano\/liga-mx\/25-jugadores-dejaron-la-liga-mx-este-clausura-2018\/2018\/02\">VER M\u00c1S: 25 jugadores que dejaron la Liga MX para el Clausura 2018<\/a><\/p>\n<p>Adem\u00e1s se puede ver que los hinchas uruguayos se cruzan insultos con los brasile\u00f1os. Por otro lado, de acuerdo a\u00a0&#8220;GloboEsporte&#8221; indican que los autos que se encontraban estacionados afuera del inmueble y pertenecientes a los hinchas uruguayos fueron\u00a0vandalizados por los aficionados del &#8220;Chape&#8221;.<\/p>\n<blockquote class=\"twitter-tweet\" data-lang=\"es\">\n<p dir=\"ltr\" lang=\"pt\">Acabo me tornando um pouco repetitivo, mas vou bater novamente na tecla, um SALAFR\u00c1RIO que se denomina torcedor do Nacional fez ridiculamente simbolizando um avi\u00e3o em men\u00e7\u00e3o \u00e0 triste trag\u00e9dia que aconteceu com a Chape, em que mundo n\u00f3s iremos parar? <a href=\"https:\/\/t.co\/xdgTS5uSsU\">pic.twitter.com\/xdgTS5uSsU<\/a><\/p>\n<p>\u2014 Futebol Di\u00e1rio News (@FutebolDiario2) <a href=\"https:\/\/twitter.com\/FutebolDiario2\/status\/959121426979618817?ref_src=twsrc%5Etfw\">1 de febrero de 2018<\/a><\/p><\/blockquote>\n<p><script async src=\"https:\/\/platform.twitter.com\/widgets.js\" charset=\"utf-8\"><\/script><\/p>\n<p style=\"text-align: center;\"><a href=\"https:\/\/www.futboltotal.com.mx\/mls\/giovani-dos-santos-ya-espera-a-zlatan-en-galaxy\/2018\/02\">VER M\u00c1S: Giovani Dos Santos ya espera a Zlatan en el Galaxy<\/a><\/p>\n","protected":false},"excerpt":{"rendered":"<p>Los aficionados uruguayos mostraron un lado deplorable al burlarse del tr\u00e1gico accidente<\/p>\n","protected":false},"author":159,"featured_media":516462,"comment_status":"closed","ping_status":"closed","sticky":false,"template":"","format":"standard","meta":[],"categories":[3839],"tags":[11707,7668,11706,503],"_links":{"self":[{"href":"http:\/\/desarrollo.grupomedios.com\/futbol\/wp-json\/wp\/v2\/posts\/516461"}],"collection":[{"href":"http:\/\/desarrollo.grupomedios.com\/futbol\/wp-json\/wp\/v2\/posts"}],"about":[{"href":"http:\/\/desarrollo.grupomedios.com\/futbol\/wp-json\/wp\/v2\/types\/post"}],"author":[{"embeddable":true,"href":"http:\/\/desarrollo.grupomedios.com\/futbol\/wp-json\/wp\/v2\/users\/159"}],"replies":[{"embeddable":true,"href":"http:\/\/desarrollo.grupomedios.com\/futbol\/wp-json\/wp\/v2\/comments?post=516461"}],"version-history":[{"count":1,"href":"http:\/\/desarrollo.grupomedios.com\/futbol\/wp-json\/wp\/v2\/posts\/516461\/revisions"}],"predecessor-version":[{"id":516463,"href":"http:\/\/desarrollo.grupomedios.com\/futbol\/wp-json\/wp\/v2\/posts\/516461\/revisions\/516463"}],"wp:featuredmedia":[{"embeddable":true,"href":"http:\/\/desarrollo.grupomedios.com\/futbol\/wp-json\/wp\/v2\/media\/516462"}],"wp:attachment":[{"href":"http:\/\/desarrollo.grupomedios.com\/futbol\/wp-json\/wp\/v2\/media?parent=516461"}],"wp:term":[{"taxonomy":"category","embeddable":true,"href":"http:\/\/desarrollo.grupomedios.com\/futbol\/wp-json\/wp\/v2\/categories?post=516461"},{"taxonomy":"post_tag","embeddable":true,"href":"http:\/\/desarrollo.grupomedios.com\/futbol\/wp-json\/wp\/v2\/tags?post=516461"}],"curies":[{"name":"wp","href":"https:\/\/api.w.org\/{rel}","templated":true}]}}