{"id":516476,"date":"2018-02-02T14:52:33","date_gmt":"2018-02-02T20:52:33","guid":{"rendered":"https:\/\/www.futboltotal.com.mx\/?p=516476"},"modified":"2018-02-02T14:52:33","modified_gmt":"2018-02-02T20:52:33","slug":"rodolfo-cota-moises-munoz-tercer-arquero-del-tri","status":"publish","type":"post","link":"http:\/\/desarrollo.grupomedios.com\/futbol\/futbol-mexicano\/rodolfo-cota-moises-munoz-tercer-arquero-del-tri\/2018\/02","title":{"rendered":"Rodolfo Cota o Mois\u00e9s Mu\u00f1oz, \u00bfqui\u00e9n para tercer arquero del Tri?"},"content":{"rendered":"<p>El duelo entre <strong>Puebla y Guadalajara<\/strong> iba a darnos la oportunidad de observar a dos arqueros que se disputan la oportunidad de ser uno de los tres arqueros que puedan ir al Mundial de Rusia 2018.<\/p>\n<p><strong>Rodolfo Cota<\/strong>, de 30 a\u00f1os, es un joven que poco a poco se fue ganando la titularidad con las Chivas Rayadas, y que se convirti\u00f3 en una inamovible de la escuadra de Mat\u00edas Almeyda.<\/p>\n<p>Incluso, el Reba\u00f1o Sagrado hizo un gran esfuerzo por la permanencia del arquero en las filas rojiblancas, tras serias negociaciones con los <strong>Tuzos del Pachuca<\/strong>.<\/p>\n<p style=\"text-align: center;\"><span style=\"color: #333399;\"><a href=\"https:\/\/www.futboltotal.com.mx\/destacado-home\/guido-pizarro-llego-a-tigres\/2018\/02\">VER M\u00c1S:\u00a0<span class=\"item-title\">\u00bfPor qu\u00e9 Guido Pizarro no lleg\u00f3 a Tigres?<\/span><\/a><\/span><\/p>\n<p>Cota ha sido uno de los arqueros que ha llamado con mayor regularidad el entrenador de la Selecci\u00f3n Mexicana, <strong>Juan Carlos Osorio<\/strong>, y adem\u00e1s fue el titular en el partido de M\u00e9xico contra Bosnia del pasado 31 de enero.<\/p>\n<p><mark>Esta situaci\u00f3n quiz\u00e1 lo dejar\u00e1 fuera de la convocatoria de este viernes para el duelo en el estadio Cuauht\u00e9moc.<\/mark><\/p>\n<p>Mientras que <strong>Mois\u00e9s Mu\u00f1oz<\/strong> viene de un proceso mundialista donde no vio mucha oportunidad, mas que en la Copa Oro, donde comenz\u00f3 de titular, pero una lesi\u00f3n le permiti\u00f3 a <strong>Jos\u00e9 de Jes\u00fas Corona<\/strong> consolidarse como el segundo arquero del Tricolor, s\u00f3lo por detr\u00e1s de Memo Ochoa.<\/p>\n<p style=\"text-align: center;\"><span style=\"color: #333399;\"><a href=\"https:\/\/www.futboltotal.com.mx\/futbol-mexicano\/en-vivo-puebla-vs-chivas-clausura-2018-en-vivo-minuto-a-minuto\/2018\/02\">VER M\u00c1S:\u00a0<span class=\"item-title\">Puebla vs Chivas | Clausura 2018 | EN VIVO: Minuto a minuto<\/span><\/a><\/span><\/p>\n<p>Moi Mu\u00f1oz no ha vivido su mejor momento futbol\u00edstico en los \u00faltimos torneos, donde incluso ha tenido <strong>errores incre\u00edbles<\/strong> <strong>que han derivado en goles en contra de la Franja<\/strong>.<\/p>\n<p>Esto podr\u00eda abrir la puerta para que el uruguayo <strong>Nicolas Vikonis<\/strong> pueda hacerse de la titularidad en el arco de la Franja.<\/p>\n<p>Y con esto, Mu\u00f1oz podr\u00eda ver diluidas su \u00faltima oportunidad de subirse al tren que lo lleve al <strong>Mundial de Rusia 2018<\/strong>.<\/p>\n","protected":false},"excerpt":{"rendered":"<p>Los dos arqueros han sido tomados en cuenta por Juan Carlos Osorio<\/p>\n","protected":false},"author":160,"featured_media":516481,"comment_status":"closed","ping_status":"closed","sticky":false,"template":"","format":"standard","meta":[],"categories":[2198,3845],"tags":[70,9028,635,5969,6920],"_links":{"self":[{"href":"http:\/\/desarrollo.grupomedios.com\/futbol\/wp-json\/wp\/v2\/posts\/516476"}],"collection":[{"href":"http:\/\/desarrollo.grupomedios.com\/futbol\/wp-json\/wp\/v2\/posts"}],"about":[{"href":"http:\/\/desarrollo.grupomedios.com\/futbol\/wp-json\/wp\/v2\/types\/post"}],"author":[{"embeddable":true,"href":"http:\/\/desarrollo.grupomedios.com\/futbol\/wp-json\/wp\/v2\/users\/160"}],"replies":[{"embeddable":true,"href":"http:\/\/desarrollo.grupomedios.com\/futbol\/wp-json\/wp\/v2\/comments?post=516476"}],"version-history":[{"count":1,"href":"http:\/\/desarrollo.grupomedios.com\/futbol\/wp-json\/wp\/v2\/posts\/516476\/revisions"}],"predecessor-version":[{"id":516482,"href":"http:\/\/desarrollo.grupomedios.com\/futbol\/wp-json\/wp\/v2\/posts\/516476\/revisions\/516482"}],"wp:featuredmedia":[{"embeddable":true,"href":"http:\/\/desarrollo.grupomedios.com\/futbol\/wp-json\/wp\/v2\/media\/516481"}],"wp:attachment":[{"href":"http:\/\/desarrollo.grupomedios.com\/futbol\/wp-json\/wp\/v2\/media?parent=516476"}],"wp:term":[{"taxonomy":"category","embeddable":true,"href":"http:\/\/desarrollo.grupomedios.com\/futbol\/wp-json\/wp\/v2\/categories?post=516476"},{"taxonomy":"post_tag","embeddable":true,"href":"http:\/\/desarrollo.grupomedios.com\/futbol\/wp-json\/wp\/v2\/tags?post=516476"}],"curies":[{"name":"wp","href":"https:\/\/api.w.org\/{rel}","templated":true}]}}