{"id":516479,"date":"2018-02-07T13:00:31","date_gmt":"2018-02-07T19:00:31","guid":{"rendered":"https:\/\/www.futboltotal.com.mx\/?p=516479"},"modified":"2018-02-07T15:35:43","modified_gmt":"2018-02-07T21:35:43","slug":"alivia-tu-depresion-post-super-bowl-con-futbol-total-y-walmart","status":"publish","type":"post","link":"http:\/\/desarrollo.grupomedios.com\/futbol\/uncategorized\/alivia-tu-depresion-post-super-bowl-con-futbol-total-y-walmart\/2018\/02","title":{"rendered":"Alivia tu depresi\u00f3n post Super Bowl con Futbol Total y Walmart"},"content":{"rendered":"<p>Acabamos de vivir uno de los m\u00e1ximos momentos del a\u00f1o, los\u00a0<mark><strong>Philadelphia Eagles\u00a0<\/strong>rompieron todos los pron\u00f3sticos y vencieron a lo poderosos\u00a0<\/mark><strong><mark>New England Patriots<\/mark>\u00a0<\/strong>con todo y <strong>Tom Brady<\/strong>, grandes jugadas y un final \u00e9pico y cardiaco; sin dejar de mencionar lo que provoc\u00f3 el espect\u00e1culo que arm\u00f3 <strong>Justin Timberlake<\/strong>, pero ya viendo a la lejan\u00eda nos damos cuenta de lo mucho que vamos a extra\u00f1ar la NFL.<\/p>\n<p>Tendremos que esperar hasta el mes de septiembre para volver a vivir la adrenalina, pero <mark>no por eso nuestra pasi\u00f3n perder\u00e1 intensidad ni mucho menos<\/mark>. De igual manera podemos vivir todo el ritual de la NFL\u00a0con la familia y amigos compartiendo deliciosas carnes, alitas, bebidas y botanas; as\u00ed como playeras, sudaderas, vasos, tarros y balones de tu equipo favorito. La mejor manera de hacerlo es visitando cualquiera de las 270 tiendas <strong><em>Walmart<\/em><\/strong> o en <a href=\"https:\/\/www.walmart.com.mx\/\" target=\"_blank\" rel=\"noopener\"><em><strong>walmart.com.mx<\/strong><\/em><\/a> para encontrar estos art\u00edculos que cada fin de semana sea tu \u00a1S\u00faper Domingo!<\/p>\n<p><em>\u00bfY qu\u00e9 creen?\u00a0<\/em>Para esta depresi\u00f3n post Superbowl que nos ha quedado\u00a0\u00a0<mark><em><strong>Walmart<\/strong><\/em> y <em><strong>Futbol Total<\/strong><\/em> te regalan un kit especial con 2 vasos conmemorativos, 1 bal\u00f3n de americano, 1 sudadera para hombre, 1 sudadera para mujer, 2 gorras y un asador.<\/mark>\u00a0Si quieres ser el afortunado o afortunada de llevarte este kit, s\u00f3lo debes responder estas dos preguntas:<\/p>\n<ul>\n<li>\n<h3>\u00bfCu\u00e1ntas yardas lanz\u00f3 Tom Brady en el Super Bowl LII?<\/h3>\n<\/li>\n<li>\n<h3>\u00bfCon qui\u00e9n comparte Patriotas el r\u00e9cord de m\u00e1s derrotas en el Super Bowl?<\/h3>\n<\/li>\n<\/ul>\n<p>El primer correo que recibamos con las respuestas correctas a <strong>futboltotal@futboltotal.com.mx,<\/strong>\u00a0ser\u00e1 el que resulte ganador&#8230; \u00a1Mucha suerte, cracks!<\/p>\n<p><img decoding=\"async\" loading=\"lazy\" class=\"wp-image-516486 aligncenter\" src=\"https:\/\/www.futboltotal.com.mx\/wp-content\/uploads\/2018\/02\/sb2-1024x768.jpg\" alt=\"Alivia tu depresi\u00f3n post Super Bowl con Futbol Total y Walmart 0\" srcset=\"http:\/\/desarrollo.grupomedios.com\/futbol\/wp-content\/uploads\/2018\/02\/sb2-1024x768.jpg 1024w, http:\/\/desarrollo.grupomedios.com\/futbol\/wp-content\/uploads\/2018\/02\/sb2-300x225.jpg 300w, http:\/\/desarrollo.grupomedios.com\/futbol\/wp-content\/uploads\/2018\/02\/sb2-768x576.jpg 768w, http:\/\/desarrollo.grupomedios.com\/futbol\/wp-content\/uploads\/2018\/02\/sb2.jpg 1280w\" sizes=\"(max-width: 635px) 100vw, 635px\" \/><\/p>\n","protected":false},"excerpt":{"rendered":"<p>\u00a1Regalamos un kit asador completo para un ganador, que vivir\u00e1 un Super Domingo!<\/p>\n","protected":false},"author":165,"featured_media":516485,"comment_status":"closed","ping_status":"closed","sticky":false,"template":"","format":"standard","meta":[],"categories":[5811,5418,6411,1],"tags":[1585,11564,8068,4395,7728,7729,11573,11708,4394,11709],"_links":{"self":[{"href":"http:\/\/desarrollo.grupomedios.com\/futbol\/wp-json\/wp\/v2\/posts\/516479"}],"collection":[{"href":"http:\/\/desarrollo.grupomedios.com\/futbol\/wp-json\/wp\/v2\/posts"}],"about":[{"href":"http:\/\/desarrollo.grupomedios.com\/futbol\/wp-json\/wp\/v2\/types\/post"}],"author":[{"embeddable":true,"href":"http:\/\/desarrollo.grupomedios.com\/futbol\/wp-json\/wp\/v2\/users\/165"}],"replies":[{"embeddable":true,"href":"http:\/\/desarrollo.grupomedios.com\/futbol\/wp-json\/wp\/v2\/comments?post=516479"}],"version-history":[{"count":9,"href":"http:\/\/desarrollo.grupomedios.com\/futbol\/wp-json\/wp\/v2\/posts\/516479\/revisions"}],"predecessor-version":[{"id":516956,"href":"http:\/\/desarrollo.grupomedios.com\/futbol\/wp-json\/wp\/v2\/posts\/516479\/revisions\/516956"}],"wp:featuredmedia":[{"embeddable":true,"href":"http:\/\/desarrollo.grupomedios.com\/futbol\/wp-json\/wp\/v2\/media\/516485"}],"wp:attachment":[{"href":"http:\/\/desarrollo.grupomedios.com\/futbol\/wp-json\/wp\/v2\/media?parent=516479"}],"wp:term":[{"taxonomy":"category","embeddable":true,"href":"http:\/\/desarrollo.grupomedios.com\/futbol\/wp-json\/wp\/v2\/categories?post=516479"},{"taxonomy":"post_tag","embeddable":true,"href":"http:\/\/desarrollo.grupomedios.com\/futbol\/wp-json\/wp\/v2\/tags?post=516479"}],"curies":[{"name":"wp","href":"https:\/\/api.w.org\/{rel}","templated":true}]}}