{"id":516491,"date":"2018-02-02T15:32:09","date_gmt":"2018-02-02T21:32:09","guid":{"rendered":"https:\/\/www.futboltotal.com.mx\/?p=516491"},"modified":"2018-02-02T15:32:09","modified_gmt":"2018-02-02T21:32:09","slug":"miguel-herrera-da-a-conocer-once-inicial-contra-lobos-buap","status":"publish","type":"post","link":"http:\/\/desarrollo.grupomedios.com\/futbol\/futbol-mexicano\/miguel-herrera-da-a-conocer-once-inicial-contra-lobos-buap\/2018\/02","title":{"rendered":"Miguel Herrera da a conocer su once inicial contra Lobos BUAP"},"content":{"rendered":"<p>El entrenador de las \u00c1guilas del Am\u00e9rica, <strong>Miguel Herrera<\/strong>, dio a conocer la alineaci\u00f3n que usar\u00e1 este s\u00e1bado contra <strong>Lobos BUAP<\/strong> en la cancha del estadio Azteca.<\/p>\n<p>El &#8216;Piojo&#8217; podr\u00e1 contar con el regreso del mediocampista colombiano <strong>Matheus Uribe<\/strong> para el encuentro de este fin de semana contra los lic\u00e1ntropos.<\/p>\n<p><strong>Am\u00e9rica<\/strong>, a diferencia de los equipos que jugar\u00e1n este viernes, s\u00ed podr\u00e1 contar con los seleccionados que estuvieron en el duelo de la Selecci\u00f3n Mexicana contra Bosnia, del pasado 31 de enero.<\/p>\n<p style=\"text-align: center;\"><span style=\"color: #333399;\"><a href=\"https:\/\/www.futboltotal.com.mx\/futbol-mexicano\/refuerzos-america-tapan-diego-lainez\/2018\/02\">VER M\u00c1S:\u00a0<span class=\"item-title\">Refuerzos de Am\u00e9rica tapan Diego Lainez<\/span><\/a><\/span><\/p>\n<p>En la porter\u00eda estar\u00e1 <strong>Agust\u00edn Marches\u00edn<\/strong>; en la zaga se encontrar\u00e1n <strong>Paul Aguilar, V\u00edctor Aguilera, Bruno Valdez y Carlos Vargas<\/strong>.<\/p>\n<p>En el mediocampo, <strong>Guido Rodr\u00edguez, Matheus Uribe, Renato Ibarra y Cecilio Dom\u00ednguez<\/strong> estar\u00e1n presentes.<\/p>\n<p>En la delantera, <strong>Oribe Peralta y Henry Mart\u00edn<\/strong> formar\u00e1n la dupla.<\/p>\n<p style=\"text-align: center;\"><span style=\"color: #333399;\"><a href=\"https:\/\/www.futboltotal.com.mx\/destacado-home\/ruben-omar-romano-viejo-conocido-cruz-azul\/2018\/02\">VER M\u00c1S:\u00a0<span class=\"item-title\">Rub\u00e9n Omar Romano, un viejo conocido para Cruz Azul<\/span><\/a><\/span><\/p>\n","protected":false},"excerpt":{"rendered":"<p>Matheus Uribe ser\u00eda la principal novedad en la cancha del estadio Azteca para el juego contra Lobos BUAP<\/p>\n","protected":false},"author":160,"featured_media":516501,"comment_status":"closed","ping_status":"closed","sticky":false,"template":"","format":"standard","meta":[],"categories":[2198,3845],"tags":[5959,9028,2645,431,255],"_links":{"self":[{"href":"http:\/\/desarrollo.grupomedios.com\/futbol\/wp-json\/wp\/v2\/posts\/516491"}],"collection":[{"href":"http:\/\/desarrollo.grupomedios.com\/futbol\/wp-json\/wp\/v2\/posts"}],"about":[{"href":"http:\/\/desarrollo.grupomedios.com\/futbol\/wp-json\/wp\/v2\/types\/post"}],"author":[{"embeddable":true,"href":"http:\/\/desarrollo.grupomedios.com\/futbol\/wp-json\/wp\/v2\/users\/160"}],"replies":[{"embeddable":true,"href":"http:\/\/desarrollo.grupomedios.com\/futbol\/wp-json\/wp\/v2\/comments?post=516491"}],"version-history":[{"count":1,"href":"http:\/\/desarrollo.grupomedios.com\/futbol\/wp-json\/wp\/v2\/posts\/516491\/revisions"}],"predecessor-version":[{"id":516502,"href":"http:\/\/desarrollo.grupomedios.com\/futbol\/wp-json\/wp\/v2\/posts\/516491\/revisions\/516502"}],"wp:featuredmedia":[{"embeddable":true,"href":"http:\/\/desarrollo.grupomedios.com\/futbol\/wp-json\/wp\/v2\/media\/516501"}],"wp:attachment":[{"href":"http:\/\/desarrollo.grupomedios.com\/futbol\/wp-json\/wp\/v2\/media?parent=516491"}],"wp:term":[{"taxonomy":"category","embeddable":true,"href":"http:\/\/desarrollo.grupomedios.com\/futbol\/wp-json\/wp\/v2\/categories?post=516491"},{"taxonomy":"post_tag","embeddable":true,"href":"http:\/\/desarrollo.grupomedios.com\/futbol\/wp-json\/wp\/v2\/tags?post=516491"}],"curies":[{"name":"wp","href":"https:\/\/api.w.org\/{rel}","templated":true}]}}