{"id":516506,"date":"2018-02-03T12:35:46","date_gmt":"2018-02-03T18:35:46","guid":{"rendered":"https:\/\/www.futboltotal.com.mx\/?p=516506"},"modified":"2018-02-03T15:50:28","modified_gmt":"2018-02-03T21:50:28","slug":"levante-ud-vs-real-madrid-laliga-en-vivo-minuto-a-minuto","status":"publish","type":"post","link":"http:\/\/desarrollo.grupomedios.com\/futbol\/futbol-internacional\/levante-ud-vs-real-madrid-laliga-en-vivo-minuto-a-minuto\/2018\/02","title":{"rendered":"Levante UD vs Real Madrid | LaLiga | EN VIVO: Minuto a minuto"},"content":{"rendered":"<p>El Levante UD recibe al Real Madrid en la Jornada 22 de LaLiga este 3 de febrero en punto de las 13:45 horas, los merengues no pierden la esperanza por alcanzar un mejor lugar a pesar de estar a 19 puntos del l\u00edder el FC Barcelona, mientras que los locales necesitan puntos para comenzar a tomar distancia en el descenso.<\/p>\n<div><iframe src=\"https:\/\/en-vivo.futboltotal.com.mx\/embed.php\/?id=546\" width=\"100%\" id=\"frame_minuto\"><\/iframe><\/div>\n<p>Levante viene de un empate a dos tantos frente al Deportivo La Coru\u00f1a con lo que lleg\u00f3 a 19 puntos y se encuentra en el lugar 16 de la tabla general, el mismo Coru\u00f1a y Deportivo Alav\u00e9s le siguen de cerca, por lo que debe buscar sumar puntos s\u00ed o s\u00ed en su cancha aprovechando que se enfrenta a uno de los peores Real Madrid.<\/p>\n<p>Por otro lado los merengues vienen de golear al Valencia por goleada, pero parecen estar pensando m\u00e1s en el PSG por la Champions League que en la liga, sin embargo son cuarto lugar de la tabla con 38 puntos y muy cerca de los Naranjeros, pudiendo escalar a la tercera posici\u00f3n al final de la jornada.<\/p>\n","protected":false},"excerpt":{"rendered":"<p>El cuadro merengue de ganar podr\u00eda escalar una posici\u00f3n en la tabla general y asaltar el tercer puesto<\/p>\n","protected":false},"author":159,"featured_media":516509,"comment_status":"closed","ping_status":"closed","sticky":false,"template":"","format":"standard","meta":[],"categories":[3839,3844],"tags":[6013,253,6114,11711,5988],"_links":{"self":[{"href":"http:\/\/desarrollo.grupomedios.com\/futbol\/wp-json\/wp\/v2\/posts\/516506"}],"collection":[{"href":"http:\/\/desarrollo.grupomedios.com\/futbol\/wp-json\/wp\/v2\/posts"}],"about":[{"href":"http:\/\/desarrollo.grupomedios.com\/futbol\/wp-json\/wp\/v2\/types\/post"}],"author":[{"embeddable":true,"href":"http:\/\/desarrollo.grupomedios.com\/futbol\/wp-json\/wp\/v2\/users\/159"}],"replies":[{"embeddable":true,"href":"http:\/\/desarrollo.grupomedios.com\/futbol\/wp-json\/wp\/v2\/comments?post=516506"}],"version-history":[{"count":1,"href":"http:\/\/desarrollo.grupomedios.com\/futbol\/wp-json\/wp\/v2\/posts\/516506\/revisions"}],"predecessor-version":[{"id":516510,"href":"http:\/\/desarrollo.grupomedios.com\/futbol\/wp-json\/wp\/v2\/posts\/516506\/revisions\/516510"}],"wp:featuredmedia":[{"embeddable":true,"href":"http:\/\/desarrollo.grupomedios.com\/futbol\/wp-json\/wp\/v2\/media\/516509"}],"wp:attachment":[{"href":"http:\/\/desarrollo.grupomedios.com\/futbol\/wp-json\/wp\/v2\/media?parent=516506"}],"wp:term":[{"taxonomy":"category","embeddable":true,"href":"http:\/\/desarrollo.grupomedios.com\/futbol\/wp-json\/wp\/v2\/categories?post=516506"},{"taxonomy":"post_tag","embeddable":true,"href":"http:\/\/desarrollo.grupomedios.com\/futbol\/wp-json\/wp\/v2\/tags?post=516506"}],"curies":[{"name":"wp","href":"https:\/\/api.w.org\/{rel}","templated":true}]}}