{"id":516528,"date":"2018-02-02T15:58:01","date_gmt":"2018-02-02T21:58:01","guid":{"rendered":"https:\/\/www.futboltotal.com.mx\/?p=516528"},"modified":"2018-02-03T18:58:46","modified_gmt":"2018-02-04T00:58:46","slug":"queretaro-vs-veracruz-clausura-2018-en-vivo-minuto-a-minuto","status":"publish","type":"post","link":"http:\/\/desarrollo.grupomedios.com\/futbol\/futbol-mexicano\/queretaro-vs-veracruz-clausura-2018-en-vivo-minuto-a-minuto\/2018\/02","title":{"rendered":"Quer\u00e9taro vs Veracruz | Clausura 2018 | EN VIVO: minuto a minuto"},"content":{"rendered":"<p>Los <strong>Gallos Blancos de Quer\u00e9taro<\/strong> reciben la visita de los <strong>Tiburones Rojos del Veracruz<\/strong> en el duelo que abre la jornada sabatina de la fecha 5 del Torneo Clausura 2018 de la Liga MX.<\/p>\n<iframe src=\"https:\/\/en-vivo.futboltotal.com.mx\/embed.php\/?id=547\" width=\"100%\" id=\"frame_minuto\"><\/iframe>\n<p>Duelo caliente el que se va a vivir en<strong> La Corregidora<\/strong>, los dos equipos que est\u00e1n peleando la disputa por el no descenso.<\/p>\n<p>Los Gallos Blancos tienen 100 puntos en la lucha del cociente por 90 que tiene el Veracruz, lo cual a\u00fan son diez puntos m\u00e1s, pero si Quer\u00e9taro se descuida y los Tiburones suman de a tres puntos se puede apretar todo.<\/p>\n<p>Los queretanos tienen 4 unidades en el torneo, mientras que Veracruz suma s\u00f3lo dos.<\/p>\n<p><strong>\u00a1NO TE PIERDAS EL MINUTO A MINUTO DEL QUER\u00c9TARO VS VERACRUZ EN PUNTO DE LAS 17:00 HORAS!<\/strong><\/p>\n","protected":false},"excerpt":{"rendered":"<p>El duelo m\u00e1s caliente en la lucha por el no descenso<\/p>\n","protected":false},"author":160,"featured_media":516529,"comment_status":"closed","ping_status":"closed","sticky":false,"template":"","format":"standard","meta":[],"categories":[2198,3845],"tags":[9028,64,5970,6049],"_links":{"self":[{"href":"http:\/\/desarrollo.grupomedios.com\/futbol\/wp-json\/wp\/v2\/posts\/516528"}],"collection":[{"href":"http:\/\/desarrollo.grupomedios.com\/futbol\/wp-json\/wp\/v2\/posts"}],"about":[{"href":"http:\/\/desarrollo.grupomedios.com\/futbol\/wp-json\/wp\/v2\/types\/post"}],"author":[{"embeddable":true,"href":"http:\/\/desarrollo.grupomedios.com\/futbol\/wp-json\/wp\/v2\/users\/160"}],"replies":[{"embeddable":true,"href":"http:\/\/desarrollo.grupomedios.com\/futbol\/wp-json\/wp\/v2\/comments?post=516528"}],"version-history":[{"count":1,"href":"http:\/\/desarrollo.grupomedios.com\/futbol\/wp-json\/wp\/v2\/posts\/516528\/revisions"}],"predecessor-version":[{"id":516530,"href":"http:\/\/desarrollo.grupomedios.com\/futbol\/wp-json\/wp\/v2\/posts\/516528\/revisions\/516530"}],"wp:featuredmedia":[{"embeddable":true,"href":"http:\/\/desarrollo.grupomedios.com\/futbol\/wp-json\/wp\/v2\/media\/516529"}],"wp:attachment":[{"href":"http:\/\/desarrollo.grupomedios.com\/futbol\/wp-json\/wp\/v2\/media?parent=516528"}],"wp:term":[{"taxonomy":"category","embeddable":true,"href":"http:\/\/desarrollo.grupomedios.com\/futbol\/wp-json\/wp\/v2\/categories?post=516528"},{"taxonomy":"post_tag","embeddable":true,"href":"http:\/\/desarrollo.grupomedios.com\/futbol\/wp-json\/wp\/v2\/tags?post=516528"}],"curies":[{"name":"wp","href":"https:\/\/api.w.org\/{rel}","templated":true}]}}