{"id":516537,"date":"2018-02-02T18:56:52","date_gmt":"2018-02-03T00:56:52","guid":{"rendered":"https:\/\/www.futboltotal.com.mx\/?p=516537"},"modified":"2018-02-03T21:01:55","modified_gmt":"2018-02-04T03:01:55","slug":"pachuca-vs-monarcas-morelia-clausura-2018-en-vivo-minuto-a-minuto","status":"publish","type":"post","link":"http:\/\/desarrollo.grupomedios.com\/futbol\/futbol-mexicano\/pachuca-vs-monarcas-morelia-clausura-2018-en-vivo-minuto-a-minuto\/2018\/02","title":{"rendered":"Pachuca vs Monarcas Morelia | Clausura 2018 | EN VIVO: Minuto a minuto"},"content":{"rendered":"<p>Los Tuzos del Pachuca reciben la visita de Monarcas Morelia en duelo de la Jornada 5 del Torneo Clausura 2018 de la Liga MX.<\/p>\n<iframe src=\"https:\/\/en-vivo.futboltotal.com.mx\/embed.php\/?id=550\" width=\"100%\" id=\"frame_minuto\"><\/iframe>\n<p>Los hidalguenses poco a poco han mostrado un mejor nivel pese a que no siempre se les han dado los resultados, pero tendr\u00e1n una dura baja por el resto del torneo en la persona de V\u00edctor Guzm\u00e1n.<\/p>\n<p>Monarcas Morelia ha mostrado fortaleza en casa, pero de visita le ha costado trabajo, por lo que el t\u00e9cnico Roberto Hern\u00e1ndez espera extender las victorias al patio ajeno.<\/p>\n<p><strong>\u00a1NO TE PIERDAS EL MINUTO A MINUTO DEL PACHUCA VS MONARCAS MORELIA EN PUNTO DE LAS 19: 06 HORAS!<\/strong><\/p>\n","protected":false},"excerpt":{"rendered":"<p>Los Tuzos inician la era sin V\u00edctor Guzm\u00e1n<\/p>\n","protected":false},"author":160,"featured_media":516538,"comment_status":"closed","ping_status":"closed","sticky":false,"template":"","format":"standard","meta":[],"categories":[2198,3845],"tags":[9028,2645,784,5968],"_links":{"self":[{"href":"http:\/\/desarrollo.grupomedios.com\/futbol\/wp-json\/wp\/v2\/posts\/516537"}],"collection":[{"href":"http:\/\/desarrollo.grupomedios.com\/futbol\/wp-json\/wp\/v2\/posts"}],"about":[{"href":"http:\/\/desarrollo.grupomedios.com\/futbol\/wp-json\/wp\/v2\/types\/post"}],"author":[{"embeddable":true,"href":"http:\/\/desarrollo.grupomedios.com\/futbol\/wp-json\/wp\/v2\/users\/160"}],"replies":[{"embeddable":true,"href":"http:\/\/desarrollo.grupomedios.com\/futbol\/wp-json\/wp\/v2\/comments?post=516537"}],"version-history":[{"count":1,"href":"http:\/\/desarrollo.grupomedios.com\/futbol\/wp-json\/wp\/v2\/posts\/516537\/revisions"}],"predecessor-version":[{"id":516539,"href":"http:\/\/desarrollo.grupomedios.com\/futbol\/wp-json\/wp\/v2\/posts\/516537\/revisions\/516539"}],"wp:featuredmedia":[{"embeddable":true,"href":"http:\/\/desarrollo.grupomedios.com\/futbol\/wp-json\/wp\/v2\/media\/516538"}],"wp:attachment":[{"href":"http:\/\/desarrollo.grupomedios.com\/futbol\/wp-json\/wp\/v2\/media?parent=516537"}],"wp:term":[{"taxonomy":"category","embeddable":true,"href":"http:\/\/desarrollo.grupomedios.com\/futbol\/wp-json\/wp\/v2\/categories?post=516537"},{"taxonomy":"post_tag","embeddable":true,"href":"http:\/\/desarrollo.grupomedios.com\/futbol\/wp-json\/wp\/v2\/tags?post=516537"}],"curies":[{"name":"wp","href":"https:\/\/api.w.org\/{rel}","templated":true}]}}