{"id":516549,"date":"2018-02-03T09:05:30","date_gmt":"2018-02-03T15:05:30","guid":{"rendered":"https:\/\/www.futboltotal.com.mx\/?p=516549"},"modified":"2018-02-03T09:22:26","modified_gmt":"2018-02-03T15:22:26","slug":"eibar-5-sevilla-1-laliga-2018-resumen","status":"publish","type":"post","link":"http:\/\/desarrollo.grupomedios.com\/futbol\/destacado-home\/eibar-5-sevilla-1-laliga-2018-resumen\/2018\/02","title":{"rendered":"Miguel Lay\u00fan debuta con Sevilla y los golean"},"content":{"rendered":"<p>El conjunto del Sevilla vivi\u00f3 un encuentro de pesadilla en Ipurua luego que el<strong> Eibar<\/strong> lo goleara de forma escandalosa por marcador de 5-1, partido en donde el lateral mexicano <strong>Miguel Lay\u00fan<\/strong> hizo su debut y jug\u00f3 los 90 minutos del encuentro.<\/p>\n<div id=\"gtp_diarioas_19753-INTEXT\" data-google-query-id=\"CLu9trD-idkCFYmoaQod7D4KFA\">\n<p>A los 11 segundos ya hab\u00eda comenzado la pesadilla pues <strong>Kike Garc\u00eda<\/strong> anot\u00f3 un gol de vestidor, pues el arquero <strong>Sergio Rico<\/strong> tuvo un inicio dubitativo, pero la realidad es que en toda la primera parte la l\u00ednea defensiva se vio mal, jugando de forma muy lenta.<\/p>\n<p style=\"text-align: center;\"><a href=\"https:\/\/www.futboltotal.com.mx\/especial-ft\/los-fichajes-top-europa-en-mercado-invernal\/2018\/02\" target=\"_blank\" rel=\"noopener\">VER M\u00c1S: Los fichajes top del mercado europeo<\/a><\/p>\n<p>El segundo tanto fue convertido por<strong> Orellana<\/strong>, pero con un tanto de <strong>Dani Parejo<\/strong> parec\u00eda que el Sevilla se volv\u00eda a meter en el encuentro, pero la realidad es que parec\u00edan m\u00e1s concentrados en el duelo de Copa del Rey que tendr\u00e1n a media semana y al minuto 30 volvieron a recibir un gol m\u00e1s gracias a<strong> Iv\u00e1n Ramis<\/strong>.<\/p>\n<p>El chileno Orellana, que se dio un fest\u00edn durante todo el encuentro, acab\u00f3 por anotar al minuto 60 el cuarto y ya por \u00faltimo fue <strong>Arbilla<\/strong> quien con un buen cobro de falta termin\u00f3 por anotar el gol de la puntilla y dej\u00f3 al equipo de Lay\u00fan con una actuaci\u00f3n desastrosa.<\/p>\n<p style=\"text-align: center;\"><a href=\"https:\/\/www.futboltotal.com.mx\/copa-mundial-de-futbol-2018\/noticias\/jersey-que-utilizara-inglaterra-en-rusia-2018\" target=\"_blank\" rel=\"noopener\">VER M\u00c1S: El jersey que utilizar\u00e1 Inglaterra en Rusia 2018<\/a><\/p>\n<p>&nbsp;<\/p>\n<\/div>\n","protected":false},"excerpt":{"rendered":"<p>El lateral mexicano disput\u00f3 los 90 minutos del encuentro pero no le fue bien<\/p>\n","protected":false},"author":159,"featured_media":516550,"comment_status":"closed","ping_status":"closed","sticky":false,"template":"","format":"standard","meta":[],"categories":[5,3839,3844],"tags":[7614,253,6114,1035,49],"_links":{"self":[{"href":"http:\/\/desarrollo.grupomedios.com\/futbol\/wp-json\/wp\/v2\/posts\/516549"}],"collection":[{"href":"http:\/\/desarrollo.grupomedios.com\/futbol\/wp-json\/wp\/v2\/posts"}],"about":[{"href":"http:\/\/desarrollo.grupomedios.com\/futbol\/wp-json\/wp\/v2\/types\/post"}],"author":[{"embeddable":true,"href":"http:\/\/desarrollo.grupomedios.com\/futbol\/wp-json\/wp\/v2\/users\/159"}],"replies":[{"embeddable":true,"href":"http:\/\/desarrollo.grupomedios.com\/futbol\/wp-json\/wp\/v2\/comments?post=516549"}],"version-history":[{"count":1,"href":"http:\/\/desarrollo.grupomedios.com\/futbol\/wp-json\/wp\/v2\/posts\/516549\/revisions"}],"predecessor-version":[{"id":516551,"href":"http:\/\/desarrollo.grupomedios.com\/futbol\/wp-json\/wp\/v2\/posts\/516549\/revisions\/516551"}],"wp:featuredmedia":[{"embeddable":true,"href":"http:\/\/desarrollo.grupomedios.com\/futbol\/wp-json\/wp\/v2\/media\/516550"}],"wp:attachment":[{"href":"http:\/\/desarrollo.grupomedios.com\/futbol\/wp-json\/wp\/v2\/media?parent=516549"}],"wp:term":[{"taxonomy":"category","embeddable":true,"href":"http:\/\/desarrollo.grupomedios.com\/futbol\/wp-json\/wp\/v2\/categories?post=516549"},{"taxonomy":"post_tag","embeddable":true,"href":"http:\/\/desarrollo.grupomedios.com\/futbol\/wp-json\/wp\/v2\/tags?post=516549"}],"curies":[{"name":"wp","href":"https:\/\/api.w.org\/{rel}","templated":true}]}}