{"id":516552,"date":"2018-02-03T09:20:14","date_gmt":"2018-02-03T15:20:14","guid":{"rendered":"https:\/\/www.futboltotal.com.mx\/?p=516552"},"modified":"2018-02-03T09:20:14","modified_gmt":"2018-02-03T15:20:14","slug":"matias-almeyda-avisa-cambio-alineacion-en-chivas","status":"publish","type":"post","link":"http:\/\/desarrollo.grupomedios.com\/futbol\/futbol-mexicano\/matias-almeyda-avisa-cambio-alineacion-en-chivas\/2018\/02","title":{"rendered":"Mat\u00edas Almeyda avisa cambio de alineaci\u00f3n en Chivas"},"content":{"rendered":"<p>El cuadro de las <a href=\"https:\/\/www.futboltotal.com.mx\/futbol-mexicano\/liga-mx\/puebla-2-chivas-0-clausura-2018-resumen\/2018\/02\" target=\"_blank\" rel=\"noopener\"><strong>Chivas de Guadalajara<\/strong> cay\u00f3 ante el <strong>Puebla<\/strong><\/a> y esto no cay\u00f3 nada bien en el estratega <strong>Mat\u00edas Almeyda<\/strong> quien en conferencia de prensa reconoci\u00f3 que su equipo ha cometido muchos errores en lo que va de la temporada y esto lo obliga a modificar el once inicial en el siguiente encuentro.<\/p>\n<p>\u201cNosotros durante un tiempo llevamos el nivel que ten\u00edamos, pero vienen dos goles a causa de dos errores y ya \u00faltimamente los errores son muchos, <mark>entonces empezaremos a analizar el equipo que pondr\u00e9 el partido que viene<\/mark>\u201d, as\u00ed indic\u00f3 el t\u00e9cnico del Reba\u00f1o.<\/p>\n<p style=\"text-align: center;\"><a href=\"https:\/\/www.futboltotal.com.mx\/futbol-internacional\/liga-de-espana\/los-5-delanteros-real-madrid-desea-adios-benzema\/2018\/02\" target=\"_blank\" rel=\"noopener\">VER M\u00c1S: Los 5 delanteros que Real Madrid desea para el verano<\/a><\/p>\n<p>Por otro lado, a pesar de los malos resultados que est\u00e1 viviendo con el equipo Rojiblanco, el argentino dijo no estar presionado por la actual situaci\u00f3n donde solo suman una victoria en cinco encuentros del <strong>Clausura 2018<\/strong>.<\/p>\n<p>\u201cPresi\u00f3n tiene el pap\u00e1 que no le puede dar de comer a un hijo, esto es deporte. <mark>Ac\u00e1 hay que trabajar, corregir, regular la apuesta para mejorar, est\u00e1 muy claro que tenemos que mejorar mucho<\/mark>. Tomaremos los recaudos necesarios para pensar en lo que viene\u201d, estableci\u00f3 el estratega.<\/p>\n<p style=\"text-align: center;\"><a href=\"https:\/\/www.futboltotal.com.mx\/futbol-mexicano\/liga-mx\/tuca-ferretti-anuncia-la-fecha-de-su-retiro\/2018\/02\" target=\"_blank\" rel=\"noopener\">VER M\u00c1S: Tuca Ferretti anuncia su fecha de retiro<\/a><\/p>\n<p>&nbsp;<\/p>\n<div class=\"body is-zoomable\">\n<p>&nbsp;<\/p>\n<\/div>\n","protected":false},"excerpt":{"rendered":"<p>El estratega del Reba\u00f1o se mostr\u00f3 molesto por los errores que ha cometido su equipo<\/p>\n","protected":false},"author":159,"featured_media":516553,"comment_status":"closed","ping_status":"closed","sticky":false,"template":"","format":"standard","meta":[],"categories":[2198,3845],"tags":[70,9028,64,1420],"_links":{"self":[{"href":"http:\/\/desarrollo.grupomedios.com\/futbol\/wp-json\/wp\/v2\/posts\/516552"}],"collection":[{"href":"http:\/\/desarrollo.grupomedios.com\/futbol\/wp-json\/wp\/v2\/posts"}],"about":[{"href":"http:\/\/desarrollo.grupomedios.com\/futbol\/wp-json\/wp\/v2\/types\/post"}],"author":[{"embeddable":true,"href":"http:\/\/desarrollo.grupomedios.com\/futbol\/wp-json\/wp\/v2\/users\/159"}],"replies":[{"embeddable":true,"href":"http:\/\/desarrollo.grupomedios.com\/futbol\/wp-json\/wp\/v2\/comments?post=516552"}],"version-history":[{"count":1,"href":"http:\/\/desarrollo.grupomedios.com\/futbol\/wp-json\/wp\/v2\/posts\/516552\/revisions"}],"predecessor-version":[{"id":516554,"href":"http:\/\/desarrollo.grupomedios.com\/futbol\/wp-json\/wp\/v2\/posts\/516552\/revisions\/516554"}],"wp:featuredmedia":[{"embeddable":true,"href":"http:\/\/desarrollo.grupomedios.com\/futbol\/wp-json\/wp\/v2\/media\/516553"}],"wp:attachment":[{"href":"http:\/\/desarrollo.grupomedios.com\/futbol\/wp-json\/wp\/v2\/media?parent=516552"}],"wp:term":[{"taxonomy":"category","embeddable":true,"href":"http:\/\/desarrollo.grupomedios.com\/futbol\/wp-json\/wp\/v2\/categories?post=516552"},{"taxonomy":"post_tag","embeddable":true,"href":"http:\/\/desarrollo.grupomedios.com\/futbol\/wp-json\/wp\/v2\/tags?post=516552"}],"curies":[{"name":"wp","href":"https:\/\/api.w.org\/{rel}","templated":true}]}}