{"id":516555,"date":"2018-02-03T09:45:16","date_gmt":"2018-02-03T15:45:16","guid":{"rendered":"https:\/\/www.futboltotal.com.mx\/?p=516555"},"modified":"2018-02-03T09:45:16","modified_gmt":"2018-02-03T15:45:16","slug":"epico-trolleo-le-puebla-a-chivas","status":"publish","type":"post","link":"http:\/\/desarrollo.grupomedios.com\/futbol\/futbol-mexicano\/epico-trolleo-le-puebla-a-chivas\/2018\/02","title":{"rendered":"El \u00e9pico trolleo que le hizo Puebla a Chivas"},"content":{"rendered":"<p>El cuadro de la <strong>Franja del Puebla<\/strong> tuvo una buena actuaci\u00f3n en el<strong> Estadio Cuauth\u00e9moc<\/strong> y venci\u00f3 a las <strong>Chivas de Guadalajara<\/strong> que no han logrado levantar en el <strong>Clausura 2018<\/strong>, haciendo m\u00e1s profunda su crisis y demostrando que el estratega<strong> Enrique &#8216;Ojitos&#8217; Meza<\/strong> tiene una experiencia importante.<\/p>\n<p>Pero al conjunto poblano no le bast\u00f3 con haberse quedado con los tres puntos ante un rival importante como lo son los <strong>Rojiblancos<\/strong>, sino que decidi\u00f3 hacer una burla en redes sociales al m\u00e1s puro estilo de <strong>Jorge Vergara<\/strong>, esto luego de subir una imagen a su cuenta de Twitter oficial en la que se mostraba una imagen del tradicional camote poblano, pero este ten\u00eda una peculiaridad, estaba envuelto con el uniforme del Reba\u00f1o y adem\u00e1s ten\u00eda la leyenda\u00a0<strong>&#8220;encamotados&#8221;.<\/strong><\/p>\n<blockquote class=\"twitter-tweet\" data-lang=\"es\">\n<p dir=\"ltr\" lang=\"es\">As\u00ed \u201c40 millones\u201d&#8230; <a href=\"https:\/\/twitter.com\/hashtag\/YoCreoEnLaFranja?src=hash&amp;ref_src=twsrc%5Etfw\">#YoCreoEnLaFranja<\/a> <a href=\"https:\/\/t.co\/GQQRPNCWDY\">pic.twitter.com\/GQQRPNCWDY<\/a><\/p>\n<p>\u2014 Club Puebla (@ClubPueblaMX) <a href=\"https:\/\/twitter.com\/ClubPueblaMX\/status\/959622496671752197?ref_src=twsrc%5Etfw\">3 de febrero de 2018<\/a><\/p><\/blockquote>\n<p><script async src=\"https:\/\/platform.twitter.com\/widgets.js\" charset=\"utf-8\"><\/script><\/p>\n<p style=\"text-align: center;\"><a href=\"https:\/\/www.futboltotal.com.mx\/especial-ft\/los-fichajes-top-europa-en-mercado-invernal\/2018\/02\" target=\"_blank\" rel=\"noopener\">VER M\u00c1S: Los fichajes top en el mercado europeo invernal<\/a><\/p>\n<p>Esto desat\u00f3 toda una discusi\u00f3n entre los aficionados de ambos bandos, quienes comenzaron a defender a sus escuadras, sin duda el personal de redes sociales de Puebla logr\u00f3 llamar la atenci\u00f3n con esta peculiar imagen sobre el triunfo de su equipo.<\/p>\n<blockquote class=\"twitter-tweet\" data-conversation=\"none\" data-lang=\"es\">\n<p dir=\"ltr\" lang=\"es\">Ya que te queda m\u00e1s que celebrar 3 puntos ya que de t\u00edtulos pues ni hablamos<\/p>\n<p>\u2014 jose alfredo moreno (@chvpower) <a href=\"https:\/\/twitter.com\/chvpower\/status\/959623118619856904?ref_src=twsrc%5Etfw\">3 de febrero de 2018<\/a><\/p><\/blockquote>\n<p><script async src=\"https:\/\/platform.twitter.com\/widgets.js\" charset=\"utf-8\"><\/script><\/p>\n<blockquote class=\"twitter-tweet\" data-conversation=\"none\" data-lang=\"es\">\n<p dir=\"ltr\" lang=\"es\"><a href=\"https:\/\/twitter.com\/ClubPueblaMX?ref_src=twsrc%5Etfw\">@ClubPueblaMX<\/a> 7-6 <a href=\"https:\/\/twitter.com\/Chivas?ref_src=twsrc%5Etfw\">@Chivas<\/a> Final de 1982-1983<a href=\"https:\/\/twitter.com\/ClubPueblaMX?ref_src=twsrc%5Etfw\">@ClubPueblaMX<\/a> 4-2 <a href=\"https:\/\/twitter.com\/Chivas?ref_src=twsrc%5Etfw\">@Chivas<\/a> Final Copa MX 2015<\/p>\n<p>En los momentos importantes siempre los tuvieron de hijos \ud83d\ude09<\/p>\n<p>\u2014 A\u0273dr\u00e9s (@AndresCrivelli) <a href=\"https:\/\/twitter.com\/AndresCrivelli\/status\/959629640137617408?ref_src=twsrc%5Etfw\">3 de febrero de 2018<\/a><\/p><\/blockquote>\n<p><script async src=\"https:\/\/platform.twitter.com\/widgets.js\" charset=\"utf-8\"><\/script><\/p>\n<blockquote class=\"twitter-tweet\" data-conversation=\"none\" data-lang=\"es\">\n<p dir=\"ltr\" lang=\"es\">Cuando tu mayor logro en 25 a\u00f1os es ganarle a <a href=\"https:\/\/twitter.com\/Chivas?ref_src=twsrc%5Etfw\">@Chivas<\/a> Mediocres <\/p>\n<p>\u2014 Chichancito;) (@chichancito1) <a href=\"https:\/\/twitter.com\/chichancito1\/status\/959624989057089536?ref_src=twsrc%5Etfw\">3 de febrero de 2018<\/a><\/p><\/blockquote>\n<p><script async src=\"https:\/\/platform.twitter.com\/widgets.js\" charset=\"utf-8\"><\/script><\/p>\n<blockquote class=\"twitter-tweet\" data-lang=\"es\">\n<p dir=\"ltr\" lang=\"es\">Felicidades a puebla x su triunfo disfr\u00fatenlo pudieron haber metido m\u00e1s goles lo reconozco. Ahora a nombre de m\u00e1s de 40 millones chinguen a su madre<\/p>\n<p>\u2014 Francisco Arriaga (@arriagafco81) <a href=\"https:\/\/twitter.com\/arriagafco81\/status\/959632537554444288?ref_src=twsrc%5Etfw\">3 de febrero de 2018<\/a><\/p><\/blockquote>\n<p><script async src=\"https:\/\/platform.twitter.com\/widgets.js\" charset=\"utf-8\"><\/script><\/p>\n<blockquote class=\"twitter-tweet\" data-lang=\"es\">\n<p dir=\"ltr\" lang=\"es\">\u00a1Porfin a despertado el 5to grande de M\u00e9xico, yo siempre cre\u00ed en mi Puebla carajo!<\/p>\n<p>\u2014 Pedro Sola  (@PedritoSolaMx) <a href=\"https:\/\/twitter.com\/PedritoSolaMx\/status\/959623312656789508?ref_src=twsrc%5Etfw\">3 de febrero de 2018<\/a><\/p><\/blockquote>\n<p><script async src=\"https:\/\/platform.twitter.com\/widgets.js\" charset=\"utf-8\"><\/script><\/p>\n<p style=\"text-align: center;\"><a href=\"https:\/\/www.futboltotal.com.mx\/futbol-internacional\/liga-de-espana\/eibar-5-sevilla-1-laliga-2018-resumen\/2018\/02\" target=\"_blank\" rel=\"noopener\">VER M\u00c1S: Lay\u00fan debuta con Sevilla y los golean<\/a><\/p>\n","protected":false},"excerpt":{"rendered":"<p>La Franja festej\u00f3 el triunfo sobre el Reba\u00f1o de forma peculiar en redes sociales<\/p>\n","protected":false},"author":159,"featured_media":516556,"comment_status":"closed","ping_status":"closed","sticky":false,"template":"","format":"standard","meta":[],"categories":[2198,3845],"tags":[70,9028,64,5969],"_links":{"self":[{"href":"http:\/\/desarrollo.grupomedios.com\/futbol\/wp-json\/wp\/v2\/posts\/516555"}],"collection":[{"href":"http:\/\/desarrollo.grupomedios.com\/futbol\/wp-json\/wp\/v2\/posts"}],"about":[{"href":"http:\/\/desarrollo.grupomedios.com\/futbol\/wp-json\/wp\/v2\/types\/post"}],"author":[{"embeddable":true,"href":"http:\/\/desarrollo.grupomedios.com\/futbol\/wp-json\/wp\/v2\/users\/159"}],"replies":[{"embeddable":true,"href":"http:\/\/desarrollo.grupomedios.com\/futbol\/wp-json\/wp\/v2\/comments?post=516555"}],"version-history":[{"count":2,"href":"http:\/\/desarrollo.grupomedios.com\/futbol\/wp-json\/wp\/v2\/posts\/516555\/revisions"}],"predecessor-version":[{"id":516558,"href":"http:\/\/desarrollo.grupomedios.com\/futbol\/wp-json\/wp\/v2\/posts\/516555\/revisions\/516558"}],"wp:featuredmedia":[{"embeddable":true,"href":"http:\/\/desarrollo.grupomedios.com\/futbol\/wp-json\/wp\/v2\/media\/516556"}],"wp:attachment":[{"href":"http:\/\/desarrollo.grupomedios.com\/futbol\/wp-json\/wp\/v2\/media?parent=516555"}],"wp:term":[{"taxonomy":"category","embeddable":true,"href":"http:\/\/desarrollo.grupomedios.com\/futbol\/wp-json\/wp\/v2\/categories?post=516555"},{"taxonomy":"post_tag","embeddable":true,"href":"http:\/\/desarrollo.grupomedios.com\/futbol\/wp-json\/wp\/v2\/tags?post=516555"}],"curies":[{"name":"wp","href":"https:\/\/api.w.org\/{rel}","templated":true}]}}