{"id":516567,"date":"2018-02-03T12:13:31","date_gmt":"2018-02-03T18:13:31","guid":{"rendered":"https:\/\/www.futboltotal.com.mx\/?p=516567"},"modified":"2018-02-03T12:13:31","modified_gmt":"2018-02-03T18:13:31","slug":"la-fuerte-confesion-chicharito-chivas","status":"publish","type":"post","link":"http:\/\/desarrollo.grupomedios.com\/futbol\/futbol-mexicano\/la-fuerte-confesion-chicharito-chivas\/2018\/02","title":{"rendered":"La fuerte confesi\u00f3n de Chicharito sobre Chivas"},"content":{"rendered":"<p>El delantero mexicano, <strong>Javier Chicharito Hern\u00e1ndez<\/strong> habl\u00f3 sobre el por qu\u00e9 se qued\u00f3 en el <strong>West Ham United<\/strong> pero adem\u00e1s hizo una confesi\u00f3n sobre los equipos en los que ha jugado, indicando que las<strong> Chivas de Guadalajara<\/strong> est\u00e1 todav\u00eda muy presentes en su coraz\u00f3n.<\/p>\n<p>\u201cS\u00ed, el caso es que quer\u00eda salir. No porque no me guste el West Ham, sino porque necesito minutos. El Mundial est\u00e1 a la vuelta de la esquina y quiero jugar. <mark>Pero puedes comprobar, aunque mi agente diga que me quiero ir, que he hecho todo por esta camiseta. Soy un tipo profesional<\/mark>\u201d, expres\u00f3 el mexicano sobre su posible salida de los Hammers para el diario Mirror.<\/p>\n<p style=\"text-align: center;\"><a href=\"https:\/\/www.futboltotal.com.mx\/especial-ft\/los-fichajes-top-europa-en-mercado-invernal\/2018\/02\" target=\"_blank\" rel=\"noopener\">VER M\u00c1S: Los fichajes top del mercado europeo invernal<\/a><\/p>\n<p>Por otro lado, fue cuestionado sobre sus anteriores equipos, a los que indic\u00f3 que siempre estar\u00e1 agradecido y tendr\u00e1 en su coraz\u00f3n; \u201cUno de mis mejores amigos en el f\u00fatbol es De Gea. El United fue mi primer club europeo y all\u00ed gan\u00e9 t\u00edtulos. Quiero que siempre le vaya bien. Igual que al Madrid y al Leverkusen.<mark> Siempre quiero que mis antiguos clubes triunfen, pero s\u00f3lo tengo un amor en mi vida del f\u00fatbol y es el Chivas de Guadalajara.<\/mark> Los otros clubes son mis novias\u201d.<\/p>\n<p>Adem\u00e1s se refiri\u00f3 a los otros clubes como sus novias y ahond\u00f3 en el tema, luego de establecer que su amor por los colores Rojiblancos es muy distinto a cualquier otro;\u201cLos amo en el momento en el que los amo, luego les digo adi\u00f3s. \u00bfSi los otros clubes son s\u00f3lo trabajo? No, <mark>son como las novias. Te gustan, los amas. Les das lo mejor, te dan lo mejor,<\/mark> pero no depende de m\u00ed ni de ellos. Solo te separas. Y mi novia ahora es el West Ham\u201d, sentenci\u00f3.<\/p>\n<p style=\"text-align: center;\"><a href=\"https:\/\/www.futboltotal.com.mx\/futbol-internacional\/liga-de-espana\/eibar-5-sevilla-1-laliga-2018-resumen\/2018\/02\" target=\"_blank\" rel=\"noopener\">VER M\u00c1S: Miguel Lay\u00fan debuta con el Sevilla y los golean<\/a><\/p>\n","protected":false},"excerpt":{"rendered":"<p>El mexicano no olvida su pasado Rojiblanco y siempre los recuerda con un cari\u00f1o especial<\/p>\n","protected":false},"author":159,"featured_media":516568,"comment_status":"closed","ping_status":"closed","sticky":false,"template":"","format":"standard","meta":[],"categories":[2198,3845],"tags":[120,5985,70,64],"_links":{"self":[{"href":"http:\/\/desarrollo.grupomedios.com\/futbol\/wp-json\/wp\/v2\/posts\/516567"}],"collection":[{"href":"http:\/\/desarrollo.grupomedios.com\/futbol\/wp-json\/wp\/v2\/posts"}],"about":[{"href":"http:\/\/desarrollo.grupomedios.com\/futbol\/wp-json\/wp\/v2\/types\/post"}],"author":[{"embeddable":true,"href":"http:\/\/desarrollo.grupomedios.com\/futbol\/wp-json\/wp\/v2\/users\/159"}],"replies":[{"embeddable":true,"href":"http:\/\/desarrollo.grupomedios.com\/futbol\/wp-json\/wp\/v2\/comments?post=516567"}],"version-history":[{"count":1,"href":"http:\/\/desarrollo.grupomedios.com\/futbol\/wp-json\/wp\/v2\/posts\/516567\/revisions"}],"predecessor-version":[{"id":516569,"href":"http:\/\/desarrollo.grupomedios.com\/futbol\/wp-json\/wp\/v2\/posts\/516567\/revisions\/516569"}],"wp:featuredmedia":[{"embeddable":true,"href":"http:\/\/desarrollo.grupomedios.com\/futbol\/wp-json\/wp\/v2\/media\/516568"}],"wp:attachment":[{"href":"http:\/\/desarrollo.grupomedios.com\/futbol\/wp-json\/wp\/v2\/media?parent=516567"}],"wp:term":[{"taxonomy":"category","embeddable":true,"href":"http:\/\/desarrollo.grupomedios.com\/futbol\/wp-json\/wp\/v2\/categories?post=516567"},{"taxonomy":"post_tag","embeddable":true,"href":"http:\/\/desarrollo.grupomedios.com\/futbol\/wp-json\/wp\/v2\/tags?post=516567"}],"curies":[{"name":"wp","href":"https:\/\/api.w.org\/{rel}","templated":true}]}}