{"id":516579,"date":"2018-02-03T15:49:32","date_gmt":"2018-02-03T21:49:32","guid":{"rendered":"https:\/\/www.futboltotal.com.mx\/?p=516579"},"modified":"2018-02-03T15:49:32","modified_gmt":"2018-02-03T21:49:32","slug":"levante-ud-2-real-madrid-2-laliga-2018-resumen","status":"publish","type":"post","link":"http:\/\/desarrollo.grupomedios.com\/futbol\/destacado-home\/levante-ud-2-real-madrid-2-laliga-2018-resumen\/2018\/02","title":{"rendered":"Real Madrid pierde puntos de \u00faltimo minuto ante Levante"},"content":{"rendered":"<p>El <strong>Real Madrid<\/strong> volvi\u00f3 a dejar escapar puntos, esta vez ante el Levante quien con un gol de <strong>Giampaolo Pazzini<\/strong> se vio empatado a dos minutos que acabara el encuentro; <strong>Cristiano Ronaldo<\/strong> fue sustituido por el estratega<strong> Zinedine Zidane.<\/strong><\/p>\n<p>El cuadro merengue comenz\u00f3 con el dominio del encuentro, pero la l\u00ednea de 5 mediocampistas que puso el cuadro local y a pesar de los intentos que hac\u00edan <strong>Luka Modric y Gareth Bale<\/strong> no lograban hacer peligro en los primeros minutos. Por otro lado<strong>\u00a0Jos\u00e9 Luis Morales<\/strong> era el \u00fanico del Levante que daba sensaci\u00f3n de peligro con sus descolgadas en velocidad.<\/p>\n<p>Fue a bal\u00f3n parado donde pudo hacerse presente el de siempre, <strong>Sergio Ramos<\/strong> quien remat\u00f3 y el arquero Oier se distrajo ante el movimiento que hizo<strong> Benzema,<\/strong> as\u00ed el &#8216;4&#8217; madridista puso encima en el marcador a los suyos. Con esto el encuentro no cambi\u00f3 de tenor pero los merengues segu\u00edan sin encontrar la forma.<\/p>\n<blockquote class=\"twitter-tweet\" data-lang=\"es\">\n<p dir=\"ltr\" lang=\"en\">11Gooooooal <a href=\"https:\/\/twitter.com\/SergioRamos?ref_src=twsrc%5Etfw\">@SergioRamos<\/a>! <a href=\"https:\/\/twitter.com\/LevanteUD?ref_src=twsrc%5Etfw\">@LevanteUD<\/a> 0-1 <a href=\"https:\/\/twitter.com\/hashtag\/RealMadrid?src=hash&amp;ref_src=twsrc%5Etfw\">#RealMadrid<\/a><a href=\"https:\/\/twitter.com\/hashtag\/RMLiga?src=hash&amp;ref_src=twsrc%5Etfw\">#RMLiga<\/a> | <a href=\"https:\/\/twitter.com\/hashtag\/HalaMadrid?src=hash&amp;ref_src=twsrc%5Etfw\">#HalaMadrid<\/a> <a href=\"https:\/\/t.co\/Jb72uCSQPZ\">pic.twitter.com\/Jb72uCSQPZ<\/a><\/p>\n<p>\u2014 Real Madrid C.F. &#x1f1e9;&#x1f1ea; (@realmadridGE) <a href=\"https:\/\/twitter.com\/realmadridGE\/status\/959879687500632064?ref_src=twsrc%5Etfw\">3 de febrero de 2018<\/a><\/p><\/blockquote>\n<p><script async src=\"https:\/\/platform.twitter.com\/widgets.js\" charset=\"utf-8\"><\/script><\/p>\n<p>Ivi comenz\u00f3 a hacerse presente en el cuadro del Levante con jugadas interesantes, pero fue <strong>Morales<\/strong> quien volvi\u00f3 a ponerle la chispa y en un mano a mano que le ataj\u00f3 <strong>Keylor Navas<\/strong>, el delantero\u00a0<strong>Emmanuel Boateng <\/strong>se encarg\u00f3 de tomarlo y mandarlo al fondo de las redes.<\/p>\n<blockquote class=\"twitter-tweet\" data-lang=\"es\">\n<p dir=\"ltr\" lang=\"und\"><a href=\"https:\/\/twitter.com\/hashtag\/Levante?src=hash&amp;ref_src=twsrc%5Etfw\">#Levante<\/a> 1-1 <a href=\"https:\/\/twitter.com\/hashtag\/RealMadrid?src=hash&amp;ref_src=twsrc%5Etfw\">#RealMadrid<\/a> | <a href=\"https:\/\/twitter.com\/hashtag\/Boateng?src=hash&amp;ref_src=twsrc%5Etfw\">#Boateng<\/a> <a href=\"https:\/\/twitter.com\/hashtag\/RM?src=hash&amp;ref_src=twsrc%5Etfw\">#RM<\/a> <a href=\"https:\/\/twitter.com\/hashtag\/LaLiga?src=hash&amp;ref_src=twsrc%5Etfw\">#LaLiga<\/a> <a href=\"https:\/\/twitter.com\/hashtag\/Madrid?src=hash&amp;ref_src=twsrc%5Etfw\">#Madrid<\/a> <a href=\"https:\/\/t.co\/MYmrFGZlnm\">pic.twitter.com\/MYmrFGZlnm<\/a><\/p>\n<p>\u2014 Gol Video TV (@golvideotv) <a href=\"https:\/\/twitter.com\/golvideotv\/status\/959886643720318977?ref_src=twsrc%5Etfw\">3 de febrero de 2018<\/a><\/p><\/blockquote>\n<p><script async src=\"https:\/\/platform.twitter.com\/widgets.js\" charset=\"utf-8\"><\/script><\/p>\n<p style=\"text-align: center;\"><a href=\"https:\/\/www.futboltotal.com.mx\/liga-de-portugal\/benfica-5-rio-ave-1-primeira-liga-2018-resumen\/2018\/02\" target=\"_blank\" rel=\"noopener\">VER M\u00c1S: Ra\u00fal Jim\u00e9nez juega 9 minutos y anota gol con Benfica<\/a><\/p>\n<p>En la segunda mitad el encuentro se comenz\u00f3 a trabar en el mediocampo y mientras<strong> Ronaldo y Bale<\/strong> se desesperaban por no encontrar la forma de volver a brillar,<strong>\u00a0Doukour\u00e9 y Morales<\/strong> pusieron a temblar el arco merengue, quien acab\u00f3 haciendo figura a Navas.<\/p>\n<p>A diez minutos del final apareci\u00f3<strong> Isco <\/strong>luego de una jugada de Benzema para darle el gol a los suyos en algo que parec\u00eda el de la victoria. Despu\u00e9s de la anotaci\u00f3n se dio el pol\u00e9mico cambio de <strong>Cristiano Ronaldo<\/strong>, quien vio ingresar en su lugar a <strong>Marco Asensio<\/strong>.<\/p>\n<blockquote class=\"twitter-tweet\" data-lang=\"es\">\n<p dir=\"ltr\" lang=\"en\">81 GOOOOOOOOOOAL by <a href=\"https:\/\/twitter.com\/isco_alarcon?ref_src=twsrc%5Etfw\">@isco_alarcon<\/a>!!! GET IN!<a href=\"https:\/\/twitter.com\/LevanteUD?ref_src=twsrc%5Etfw\">@LevanteUD<\/a> 1-2 <a href=\"https:\/\/twitter.com\/hashtag\/RealMadrid?src=hash&amp;ref_src=twsrc%5Etfw\">#RealMadrid<\/a> <a href=\"https:\/\/twitter.com\/hashtag\/RMLiga?src=hash&amp;ref_src=twsrc%5Etfw\">#RMLiga<\/a> | <a href=\"https:\/\/twitter.com\/hashtag\/HalaMadrid?src=hash&amp;ref_src=twsrc%5Etfw\">#HalaMadrid<\/a> <a href=\"https:\/\/t.co\/mR4QKxoQIb\">pic.twitter.com\/mR4QKxoQIb<\/a><\/p>\n<p>\u2014 Real Madrid C.F. &#x1f1e9;&#x1f1ea; (@realmadridGE) <a href=\"https:\/\/twitter.com\/realmadridGE\/status\/959900682382987278?ref_src=twsrc%5Etfw\">3 de febrero de 2018<\/a><\/p><\/blockquote>\n<p><script async src=\"https:\/\/platform.twitter.com\/widgets.js\" charset=\"utf-8\"><\/script><\/p>\n<p>Pero apenas a dos minutos del final\u00a0<strong>Giampaolo Pazzini<\/strong> apareci\u00f3 de la nada y marc\u00f3 el segundo tanto del Levante que dilapid\u00f3 toda la ilusi\u00f3n merengue quien ve\u00eda como se le escapaban otros dos puntos.<\/p>\n<blockquote class=\"twitter-tweet\" data-lang=\"es\">\n<p dir=\"ltr\" lang=\"und\"><a href=\"https:\/\/twitter.com\/hashtag\/Levante?src=hash&amp;ref_src=twsrc%5Etfw\">#Levante<\/a> 2-2 <a href=\"https:\/\/twitter.com\/hashtag\/RealMadrid?src=hash&amp;ref_src=twsrc%5Etfw\">#RealMadrid<\/a> | <a href=\"https:\/\/twitter.com\/hashtag\/Pazzini?src=hash&amp;ref_src=twsrc%5Etfw\">#Pazzini<\/a> <a href=\"https:\/\/twitter.com\/hashtag\/LaLiga?src=hash&amp;ref_src=twsrc%5Etfw\">#LaLiga<\/a> <a href=\"https:\/\/twitter.com\/hashtag\/RM?src=hash&amp;ref_src=twsrc%5Etfw\">#RM<\/a> <a href=\"https:\/\/twitter.com\/hashtag\/Madrid?src=hash&amp;ref_src=twsrc%5Etfw\">#Madrid<\/a> <a href=\"https:\/\/twitter.com\/hashtag\/Football?src=hash&amp;ref_src=twsrc%5Etfw\">#Football<\/a> <a href=\"https:\/\/t.co\/r0XfeQeU3c\">pic.twitter.com\/r0XfeQeU3c<\/a><\/p>\n<p>\u2014 Gol Video TV (@golvideotv) <a href=\"https:\/\/twitter.com\/golvideotv\/status\/959902494255210498?ref_src=twsrc%5Etfw\">3 de febrero de 2018<\/a><\/p><\/blockquote>\n<p><script async src=\"https:\/\/platform.twitter.com\/widgets.js\" charset=\"utf-8\"><\/script><\/p>\n<p style=\"text-align: center;\"><a href=\"https:\/\/www.futboltotal.com.mx\/futbol-mexicano\/luis-quintana-nuevo-dario-veron\/2018\/02\" target=\"_blank\" rel=\"noopener\">VER M\u00c1S: \u00bfLuis Quintana es el nuevo Dar\u00edo Ver\u00f3n?<\/a><\/p>\n<p>&nbsp;<\/p>\n","protected":false},"excerpt":{"rendered":"<p>Zinedine Zidane sorprendi\u00f3 a todos sacando de cambio a Cristiano Ronaldo<\/p>\n","protected":false},"author":159,"featured_media":516580,"comment_status":"closed","ping_status":"closed","sticky":false,"template":"","format":"standard","meta":[],"categories":[5,3839,3844],"tags":[6013,253,6114,11711,5988],"_links":{"self":[{"href":"http:\/\/desarrollo.grupomedios.com\/futbol\/wp-json\/wp\/v2\/posts\/516579"}],"collection":[{"href":"http:\/\/desarrollo.grupomedios.com\/futbol\/wp-json\/wp\/v2\/posts"}],"about":[{"href":"http:\/\/desarrollo.grupomedios.com\/futbol\/wp-json\/wp\/v2\/types\/post"}],"author":[{"embeddable":true,"href":"http:\/\/desarrollo.grupomedios.com\/futbol\/wp-json\/wp\/v2\/users\/159"}],"replies":[{"embeddable":true,"href":"http:\/\/desarrollo.grupomedios.com\/futbol\/wp-json\/wp\/v2\/comments?post=516579"}],"version-history":[{"count":1,"href":"http:\/\/desarrollo.grupomedios.com\/futbol\/wp-json\/wp\/v2\/posts\/516579\/revisions"}],"predecessor-version":[{"id":516581,"href":"http:\/\/desarrollo.grupomedios.com\/futbol\/wp-json\/wp\/v2\/posts\/516579\/revisions\/516581"}],"wp:featuredmedia":[{"embeddable":true,"href":"http:\/\/desarrollo.grupomedios.com\/futbol\/wp-json\/wp\/v2\/media\/516580"}],"wp:attachment":[{"href":"http:\/\/desarrollo.grupomedios.com\/futbol\/wp-json\/wp\/v2\/media?parent=516579"}],"wp:term":[{"taxonomy":"category","embeddable":true,"href":"http:\/\/desarrollo.grupomedios.com\/futbol\/wp-json\/wp\/v2\/categories?post=516579"},{"taxonomy":"post_tag","embeddable":true,"href":"http:\/\/desarrollo.grupomedios.com\/futbol\/wp-json\/wp\/v2\/tags?post=516579"}],"curies":[{"name":"wp","href":"https:\/\/api.w.org\/{rel}","templated":true}]}}