{"id":516582,"date":"2018-02-02T21:02:21","date_gmt":"2018-02-03T03:02:21","guid":{"rendered":"https:\/\/www.futboltotal.com.mx\/?p=516582"},"modified":"2018-02-03T22:55:18","modified_gmt":"2018-02-04T04:55:18","slug":"club-america-vs-lobos-buap-clausura-2018-en-vivo-minuto-a-minuto","status":"publish","type":"post","link":"http:\/\/desarrollo.grupomedios.com\/futbol\/futbol-mexicano\/club-america-vs-lobos-buap-clausura-2018-en-vivo-minuto-a-minuto\/2018\/02","title":{"rendered":"Club Am\u00e9rica vs Lobos BUAP | Clausura 2018 | EN VIVO: Minuto a minuto"},"content":{"rendered":"<p>Las \u00c1guilas del Am\u00e9rica reciben a Lobos BUAP este 3 de febrero a las 21:00 horas por la jornada 5 del Clausura 2018 en la Liga MX, los de Miguel Herrera buscan consolidar el proyecto que viene armando mientras que los visitantes est\u00e1n urgidos de un triunfo que los levante.<\/p>\n<div><iframe src=\"https:\/\/en-vivo.futboltotal.com.mx\/embed.php\/?id=551\" width=\"100%\" id=\"frame_minuto\"><\/iframe><\/div>\n<p>Am\u00e9rica viene de derrotar al conjunto de los Rojinegros del Atlas por la m\u00ednima diferencia y querr\u00e1n aprovechar la local\u00eda consecutiva que les toc\u00f3 para llevarse el triunfo y escalar posiciones, al momento se encuentran en el quinto lugar con ocho puntos.<\/p>\n<p>Por su lado, Lobos vive un calvario este torneo y no levanta, llega luego de un empate a un gol con Pumas, el \u00fanico punto que han logrado conseguir en el actual Clausura 2018 y marchan en el s\u00f3tano de la tabla general, necesitan un triunfo urgente.<\/p>\n","protected":false},"excerpt":{"rendered":"<p>Las \u00c1guilas buscar\u00e1n consolidar el proyecto de Miguel Herrera jugando en el Estadio Azteca<\/p>\n","protected":false},"author":159,"featured_media":516583,"comment_status":"closed","ping_status":"closed","sticky":false,"template":"","format":"standard","meta":[],"categories":[2198,3845],"tags":[5959,9028,64,431],"_links":{"self":[{"href":"http:\/\/desarrollo.grupomedios.com\/futbol\/wp-json\/wp\/v2\/posts\/516582"}],"collection":[{"href":"http:\/\/desarrollo.grupomedios.com\/futbol\/wp-json\/wp\/v2\/posts"}],"about":[{"href":"http:\/\/desarrollo.grupomedios.com\/futbol\/wp-json\/wp\/v2\/types\/post"}],"author":[{"embeddable":true,"href":"http:\/\/desarrollo.grupomedios.com\/futbol\/wp-json\/wp\/v2\/users\/159"}],"replies":[{"embeddable":true,"href":"http:\/\/desarrollo.grupomedios.com\/futbol\/wp-json\/wp\/v2\/comments?post=516582"}],"version-history":[{"count":1,"href":"http:\/\/desarrollo.grupomedios.com\/futbol\/wp-json\/wp\/v2\/posts\/516582\/revisions"}],"predecessor-version":[{"id":516584,"href":"http:\/\/desarrollo.grupomedios.com\/futbol\/wp-json\/wp\/v2\/posts\/516582\/revisions\/516584"}],"wp:featuredmedia":[{"embeddable":true,"href":"http:\/\/desarrollo.grupomedios.com\/futbol\/wp-json\/wp\/v2\/media\/516583"}],"wp:attachment":[{"href":"http:\/\/desarrollo.grupomedios.com\/futbol\/wp-json\/wp\/v2\/media?parent=516582"}],"wp:term":[{"taxonomy":"category","embeddable":true,"href":"http:\/\/desarrollo.grupomedios.com\/futbol\/wp-json\/wp\/v2\/categories?post=516582"},{"taxonomy":"post_tag","embeddable":true,"href":"http:\/\/desarrollo.grupomedios.com\/futbol\/wp-json\/wp\/v2\/tags?post=516582"}],"curies":[{"name":"wp","href":"https:\/\/api.w.org\/{rel}","templated":true}]}}