{"id":516585,"date":"2018-02-03T16:29:38","date_gmt":"2018-02-03T22:29:38","guid":{"rendered":"https:\/\/www.futboltotal.com.mx\/?p=516585"},"modified":"2018-02-03T16:29:38","modified_gmt":"2018-02-03T22:29:38","slug":"porto3-sc-braga-1-primeira-liga-resumen","status":"publish","type":"post","link":"http:\/\/desarrollo.grupomedios.com\/futbol\/futbol-internacional\/porto3-sc-braga-1-primeira-liga-resumen\/2018\/02","title":{"rendered":"Diego Reyes anota golazo en triunfo del Porto"},"content":{"rendered":"<p>En una jornada brillante para los mexicanos en el Viejo Continente, el defensa central <strong>Diego Reyes<\/strong> no se quiso quedar atr\u00e1s e hizo un golazo en el duelo del <strong>Porto<\/strong> ante<strong> SC Braga<\/strong>, equipo al que vencieron por marcador de 3-1; <strong>H\u00e9ctor Herrera<\/strong> y<strong> Jes\u00fas &#8216;Tecatito&#8217; Corona<\/strong> tambi\u00e9n vieron acci\u00f3n.<\/p>\n<p>Apenas a los 5 minutos el conjunto de los Dragones ya se hab\u00eda puesto en ventaja gracias al gol de<strong> S\u00e9rgio Oliveira<\/strong> quien ante un buen centro por izquierda mand\u00f3 el bal\u00f3n a las redes con un remate de cabeza.<\/p>\n<blockquote class=\"twitter-tweet\" data-lang=\"es\">\n<p dir=\"ltr\" lang=\"pt\">&#x1f4fd; O v\u00eddeo do golo de S\u00e9rgio Oliveira &#x1f44c;<a href=\"https:\/\/twitter.com\/hashtag\/FCPorto?src=hash&amp;ref_src=twsrc%5Etfw\">#FCPorto<\/a> <a href=\"https:\/\/twitter.com\/hashtag\/FCPSCB?src=hash&amp;ref_src=twsrc%5Etfw\">#FCPSCB<\/a> <a href=\"https:\/\/t.co\/PcxGEXan5c\">pic.twitter.com\/PcxGEXan5c<\/a><\/p>\n<p>\u2014 FC Porto (@FCPorto) <a href=\"https:\/\/twitter.com\/FCPorto\/status\/959891355609726976?ref_src=twsrc%5Etfw\">3 de febrero de 2018<\/a><\/p><\/blockquote>\n<p><script async src=\"https:\/\/platform.twitter.com\/widgets.js\" charset=\"utf-8\"><\/script><\/p>\n<p style=\"text-align: center;\"><a href=\"https:\/\/www.futboltotal.com.mx\/futbol-internacional\/liga-de-inglaterra\/brighton-albion-hove-3-west-ham-united-1-premier-league-2018\/2018\/02\" target=\"_blank\" rel=\"noopener\">VER M\u00c1S: Chicharito anota gol a lo Messi pero West Ham pierde<\/a><\/p>\n<p>Sin embargo al minuto 31 <strong>Ra\u00fal Silva<\/strong> puso el gol del empate por la visita, algo que no cay\u00f3 bien en el cuadro local quien intent\u00f3 responder de forma inmediata y lo logr\u00f3 por conducto del defensa central mexicano, <strong>Diego Reyes<\/strong> quien con un espectacular remate de cabeza volvi\u00f3 a poner en ventaja a su equipo.<\/p>\n<blockquote class=\"twitter-tweet\" data-lang=\"es\">\n<p dir=\"ltr\" lang=\"es\">GOOOLAAAZOOO &#x1f1f2;&#x1f1fd;&#x1f680;<br \/>\nEl BRUTAL cabezazo de Diego Reyes con el FC Porto. La conect\u00f3 perfecto.<\/p>\n<p>3 GOLES en sus \u00faltimos 5 partidos disputados, su mejor temporada goleadora. Nuestro Dieguito anda INTRATABLE.&#x1f525;&#x1f525; <a href=\"https:\/\/t.co\/dQnamiS7x3\">pic.twitter.com\/dQnamiS7x3<\/a><\/p>\n<p>\u2014 Solo de F\u00fatbol (@DeFutbolMX1) <a href=\"https:\/\/twitter.com\/DeFutbolMX1\/status\/959901897028071424?ref_src=twsrc%5Etfw\">3 de febrero de 2018<\/a><\/p><\/blockquote>\n<p><script async src=\"https:\/\/platform.twitter.com\/widgets.js\" charset=\"utf-8\"><\/script><\/p>\n<p>Posteriormente en la segunda mitad fue hasta el minuto 73 que pudieron sellar el triunfo gracias a un gol del delantero camerun\u00e9s <strong>Vincent Aboubakar<\/strong>, quien se encarg\u00f3 de poner cifras definitivas en el encuentro que tuvo tres goles de cabeza.<\/p>\n<blockquote class=\"twitter-tweet\" data-lang=\"es\">\n<p dir=\"ltr\" lang=\"pt\">73&#8242; Ap\u00f3s grande lance de insist\u00eancia de Brahimi, Alex Telles cruzou e Aboubakar finalizou de cabe\u00e7a<a href=\"https:\/\/twitter.com\/hashtag\/FCPorto?src=hash&amp;ref_src=twsrc%5Etfw\">#FCPorto<\/a> <a href=\"https:\/\/twitter.com\/hashtag\/FCPSCB?src=hash&amp;ref_src=twsrc%5Etfw\">#FCPSCB<\/a> <a href=\"https:\/\/t.co\/fsXScRkW7V\">pic.twitter.com\/fsXScRkW7V<\/a><\/p>\n<p>\u2014 FC Porto (@FCPorto) <a href=\"https:\/\/twitter.com\/FCPorto\/status\/959910250299224064?ref_src=twsrc%5Etfw\">3 de febrero de 2018<\/a><\/p><\/blockquote>\n<p><script async src=\"https:\/\/platform.twitter.com\/widgets.js\" charset=\"utf-8\"><\/script><\/p>\n<p style=\"text-align: center;\"><a href=\"https:\/\/www.futboltotal.com.mx\/liga-de-portugal\/benfica-5-rio-ave-1-primeira-liga-2018-resumen\/2018\/02\" target=\"_blank\" rel=\"noopener\">VER M\u00c1S: Ra\u00fal Jim\u00e9nez ingresa 9 minutos y anota un gol con Benfica<\/a><\/p>\n","protected":false},"excerpt":{"rendered":"<p>H\u00e9ctor Herrera y Jes\u00fas &#8216;Tecatito&#8217; Corona tambi\u00e9n vieron acci\u00f3n en el encuentro de los Dragones<\/p>\n","protected":false},"author":159,"featured_media":516586,"comment_status":"closed","ping_status":"closed","sticky":false,"template":"","format":"standard","meta":[],"categories":[3839,7709],"tags":[6006,5995,1208,9195,11713,6045],"_links":{"self":[{"href":"http:\/\/desarrollo.grupomedios.com\/futbol\/wp-json\/wp\/v2\/posts\/516585"}],"collection":[{"href":"http:\/\/desarrollo.grupomedios.com\/futbol\/wp-json\/wp\/v2\/posts"}],"about":[{"href":"http:\/\/desarrollo.grupomedios.com\/futbol\/wp-json\/wp\/v2\/types\/post"}],"author":[{"embeddable":true,"href":"http:\/\/desarrollo.grupomedios.com\/futbol\/wp-json\/wp\/v2\/users\/159"}],"replies":[{"embeddable":true,"href":"http:\/\/desarrollo.grupomedios.com\/futbol\/wp-json\/wp\/v2\/comments?post=516585"}],"version-history":[{"count":1,"href":"http:\/\/desarrollo.grupomedios.com\/futbol\/wp-json\/wp\/v2\/posts\/516585\/revisions"}],"predecessor-version":[{"id":516587,"href":"http:\/\/desarrollo.grupomedios.com\/futbol\/wp-json\/wp\/v2\/posts\/516585\/revisions\/516587"}],"wp:featuredmedia":[{"embeddable":true,"href":"http:\/\/desarrollo.grupomedios.com\/futbol\/wp-json\/wp\/v2\/media\/516586"}],"wp:attachment":[{"href":"http:\/\/desarrollo.grupomedios.com\/futbol\/wp-json\/wp\/v2\/media?parent=516585"}],"wp:term":[{"taxonomy":"category","embeddable":true,"href":"http:\/\/desarrollo.grupomedios.com\/futbol\/wp-json\/wp\/v2\/categories?post=516585"},{"taxonomy":"post_tag","embeddable":true,"href":"http:\/\/desarrollo.grupomedios.com\/futbol\/wp-json\/wp\/v2\/tags?post=516585"}],"curies":[{"name":"wp","href":"https:\/\/api.w.org\/{rel}","templated":true}]}}