{"id":516597,"date":"2018-02-03T18:55:46","date_gmt":"2018-02-04T00:55:46","guid":{"rendered":"https:\/\/www.futboltotal.com.mx\/?p=516597"},"modified":"2018-02-03T18:55:46","modified_gmt":"2018-02-04T00:55:46","slug":"queretaro-0-veracruz-1-clausura-2018-resumen","status":"publish","type":"post","link":"http:\/\/desarrollo.grupomedios.com\/futbol\/destacado-home\/queretaro-0-veracruz-1-clausura-2018-resumen\/2018\/02","title":{"rendered":"Veracruz gana en Quer\u00e9taro y aprieta la lucha por el no descenso"},"content":{"rendered":"<p>Los <strong>Tiburones Rojos del Veracruz<\/strong> lograron un triunfo muy importante en su visita a La Corregidora para permanecer en la lucha por el no descenso.<\/p>\n<p>Un gol de <strong>Carlos Esqu\u00edvel<\/strong>, quien vino de la banca por una lesi\u00f3n tempranera de un compa\u00f1ero, fue lo que le vali\u00f3 los tres puntos a los escualos, quienes se metieron de lleno a la lucha por seguir en la Primera Divisi\u00f3n.<\/p>\n<p>Al minuto 26, <strong>Daniel Villalba<\/strong> se conjunt\u00f3 con Esquivel, quien sac\u00f3 un disparo de zurda que bati\u00f3 a Tiago Volpi y le dio la victoria por 1-0 al Veracruz.<\/p>\n<blockquote class=\"twitter-tweet\" data-partner=\"tweetdeck\">\n<p dir=\"ltr\" lang=\"fr\"><a href=\"https:\/\/twitter.com\/hashtag\/NoTeLoPierdas?src=hash&amp;ref_src=twsrc%5Etfw\">#NoTeLoPierdas<\/a><br \/>\nG\u26bd\u26bd\u26bdL de Carlos Esquivel<a href=\"https:\/\/twitter.com\/Club_Queretaro?ref_src=twsrc%5Etfw\">@Club_Queretaro<\/a> 0-1 <a href=\"https:\/\/twitter.com\/ClubTiburones?ref_src=twsrc%5Etfw\">@ClubTiburones<\/a> <a href=\"https:\/\/twitter.com\/hashtag\/Jornada5?src=hash&amp;ref_src=twsrc%5Etfw\">#Jornada5<\/a> <a href=\"https:\/\/twitter.com\/hashtag\/Clausura2018?src=hash&amp;ref_src=twsrc%5Etfw\">#Clausura2018<\/a> <a href=\"https:\/\/twitter.com\/hashtag\/LIGABancomerMX?src=hash&amp;ref_src=twsrc%5Etfw\">#LIGABancomerMX<\/a><br \/>\n\u26bd <a href=\"https:\/\/twitter.com\/hashtag\/SienteTuLiga?src=hash&amp;ref_src=twsrc%5Etfw\">#SienteTuLiga<\/a> \u26bd <a href=\"https:\/\/twitter.com\/hashtag\/CreandoOportunidades?src=hash&amp;ref_src=twsrc%5Etfw\">#CreandoOportunidades<\/a> <a href=\"https:\/\/twitter.com\/hashtag\/PorLaEducaci%C3%B3n?src=hash&amp;ref_src=twsrc%5Etfw\">#PorLaEducaci\u00f3n<\/a> <a href=\"https:\/\/twitter.com\/hashtag\/AbrazadosPorElFutbol?src=hash&amp;ref_src=twsrc%5Etfw\">#AbrazadosPorElFutbol<\/a> <a href=\"https:\/\/t.co\/A7dMXcMB6X\">pic.twitter.com\/A7dMXcMB6X<\/a><\/p>\n<p>\u2014 LIGA Bancomer MX (@LIGABancomerMX) <a href=\"https:\/\/twitter.com\/LIGABancomerMX\/status\/959933127778033664?ref_src=twsrc%5Etfw\">February 3, 2018<\/a><\/p><\/blockquote>\n<p><script async src=\"https:\/\/platform.twitter.com\/widgets.js\" charset=\"utf-8\"><\/script><\/p>\n<p>Con este triunfo, los Tiburones se acercan a siete puntos de la quema del descenso sobre los <strong>Gallos Blancos<\/strong>, y se meten de lleno por la lucha para no irse a la Liga de Ascenso.<\/p>\n<p>Fue un pol\u00e9mico triunfo para el Veracruz, puesto que el silbante no pit\u00f3 un claro penal a favor del Quer\u00e9taro, despu\u00e9s de un disparo de <strong>Yerson Candelo<\/strong> que impact\u00f3 en la mano de Christian Ramos.<\/p>\n<p>&nbsp;<\/p>\n","protected":false},"excerpt":{"rendered":"<p>Los Tiburones salieron airosos de su dif\u00edcil visita a La Corregidora<\/p>\n","protected":false},"author":160,"featured_media":516598,"comment_status":"closed","ping_status":"closed","sticky":false,"template":"","format":"standard","meta":[],"categories":[5,2198,3845],"tags":[9028,64,5970,6049],"_links":{"self":[{"href":"http:\/\/desarrollo.grupomedios.com\/futbol\/wp-json\/wp\/v2\/posts\/516597"}],"collection":[{"href":"http:\/\/desarrollo.grupomedios.com\/futbol\/wp-json\/wp\/v2\/posts"}],"about":[{"href":"http:\/\/desarrollo.grupomedios.com\/futbol\/wp-json\/wp\/v2\/types\/post"}],"author":[{"embeddable":true,"href":"http:\/\/desarrollo.grupomedios.com\/futbol\/wp-json\/wp\/v2\/users\/160"}],"replies":[{"embeddable":true,"href":"http:\/\/desarrollo.grupomedios.com\/futbol\/wp-json\/wp\/v2\/comments?post=516597"}],"version-history":[{"count":1,"href":"http:\/\/desarrollo.grupomedios.com\/futbol\/wp-json\/wp\/v2\/posts\/516597\/revisions"}],"predecessor-version":[{"id":516599,"href":"http:\/\/desarrollo.grupomedios.com\/futbol\/wp-json\/wp\/v2\/posts\/516597\/revisions\/516599"}],"wp:featuredmedia":[{"embeddable":true,"href":"http:\/\/desarrollo.grupomedios.com\/futbol\/wp-json\/wp\/v2\/media\/516598"}],"wp:attachment":[{"href":"http:\/\/desarrollo.grupomedios.com\/futbol\/wp-json\/wp\/v2\/media?parent=516597"}],"wp:term":[{"taxonomy":"category","embeddable":true,"href":"http:\/\/desarrollo.grupomedios.com\/futbol\/wp-json\/wp\/v2\/categories?post=516597"},{"taxonomy":"post_tag","embeddable":true,"href":"http:\/\/desarrollo.grupomedios.com\/futbol\/wp-json\/wp\/v2\/tags?post=516597"}],"curies":[{"name":"wp","href":"https:\/\/api.w.org\/{rel}","templated":true}]}}