{"id":516646,"date":"2018-02-04T11:01:47","date_gmt":"2018-02-04T17:01:47","guid":{"rendered":"https:\/\/www.futboltotal.com.mx\/?p=516646"},"modified":"2018-02-04T12:07:08","modified_gmt":"2018-02-04T18:07:08","slug":"eintracht-fue-goleado-salcedo-reaparicion-marco-fabian","status":"publish","type":"post","link":"http:\/\/desarrollo.grupomedios.com\/futbol\/destacado-home\/eintracht-fue-goleado-salcedo-reaparicion-marco-fabian\/2018\/02","title":{"rendered":"Eintracht fue goleado con Salcedo y reaparici\u00f3n de Marco Fabi\u00e1n"},"content":{"rendered":"<p>A pesar de que el <strong>Eintracht Frankfurt<\/strong> fue goleado, la mejor noticia fue el regreso de <strong>Marco Fabi\u00e1n<\/strong> a las canchas luego de estar siete meses fuera por una operaci\u00f3n en la espalda.<\/p>\n<p><em>Las \u00c1guilas<\/em> fueron goleadas 3-0 por el <strong>Augsburgo<\/strong> en el duelo de la Jornada 21 de la <strong>Bundesliga<\/strong> y perdi\u00f3 la oportunidad de alcanzar al <strong>Bayer Leverkusen<\/strong> y pelear por el segundo lugar de la tabla.<\/p>\n<p>Con <strong>Carlos Salcedo<\/strong> los 90\u2019 de juego, el <strong>Frankfurt<\/strong> no pudo evitar que los locales marcaran tres goles durante el encuentro.<\/p>\n<p style=\"text-align: center;\"><span style=\"color: #3366ff;\"><a href=\"https:\/\/www.futboltotal.com.mx\/futbol-internacional\/liga-de-espana\/espanyol-1-1-barcelona-laliga-2018-resumen\/2018\/02\">VER M\u00c1S: Piqu\u00e9 rescata al Barcelona del Espanyol y mantienen el invicto<\/a><\/span><\/p>\n<p>Fue al 67&#8242; cuando <strong>Boateng<\/strong> sali\u00f3 del campo y dej\u00f3 su lugar a Marco Fabi\u00e1n, quien trat\u00f3 de entrar en calor de inmediato apoyado por <strong>Timothy Chandler<\/strong>, que lo asisti\u00f3 al 74\u2019, pero el remate del ex de <strong>Chivas<\/strong> se fue desviado.<\/p>\n<blockquote class=\"twitter-tweet\" data-width=\"500\">\n<p lang=\"es\" dir=\"ltr\">\u00a1REGRES\u00d3 MARCO! <a href=\"https:\/\/twitter.com\/hashtag\/BundesligaxFOX?src=hash&amp;ref_src=twsrc%5Etfw\">#BundesligaxFOX<\/a> Marco Fabi\u00e1n regres\u00f3 a la actividad con el Frankfurt, en el 1-0 ante Augsburg; \u00a1Lo miras EN VIVO por FOX Sports y App! <a href=\"https:\/\/t.co\/w3CYl1a2nw\">https:\/\/t.co\/w3CYl1a2nw<\/a> <a href=\"https:\/\/t.co\/YAC029jbL6\">pic.twitter.com\/YAC029jbL6<\/a><\/p>\n<p>&mdash; FOX Sports MX (@FOXSportsMX) <a href=\"https:\/\/twitter.com\/FOXSportsMX\/status\/960180288604139520?ref_src=twsrc%5Etfw\">February 4, 2018<\/a><\/p><\/blockquote>\n<p><script async src=\"https:\/\/platform.twitter.com\/widgets.js\" charset=\"utf-8\"><\/script><\/p>\n<p>Las \u00c1guilas ten\u00edan la oportunidad de instalarse en el segundo sitio de la Bundesliga, aunque la buena noticia fue el regreso de Marco Fabi\u00e1n, quien hab\u00eda sido operado de la espalda en agosto pasado y suma sus primeros minutos en 2018.<\/p>\n<p>Su \u00faltimo duelo oficial hab\u00eda sido en la derrota de M\u00e9xico 2-1 ante Portugal, por el tercer puesto de la Copa Confederaciones el 2 de julio del 2017.<\/p>\n","protected":false},"excerpt":{"rendered":"<p>El mexicano volvi\u00f3 despu\u00e9s de 7 meses de ausencia.<\/p>\n","protected":false},"author":129,"featured_media":516647,"comment_status":"closed","ping_status":"closed","sticky":false,"template":"","format":"standard","meta":[],"categories":[9808,5,3839],"tags":[119,3588,6214,131],"_links":{"self":[{"href":"http:\/\/desarrollo.grupomedios.com\/futbol\/wp-json\/wp\/v2\/posts\/516646"}],"collection":[{"href":"http:\/\/desarrollo.grupomedios.com\/futbol\/wp-json\/wp\/v2\/posts"}],"about":[{"href":"http:\/\/desarrollo.grupomedios.com\/futbol\/wp-json\/wp\/v2\/types\/post"}],"author":[{"embeddable":true,"href":"http:\/\/desarrollo.grupomedios.com\/futbol\/wp-json\/wp\/v2\/users\/129"}],"replies":[{"embeddable":true,"href":"http:\/\/desarrollo.grupomedios.com\/futbol\/wp-json\/wp\/v2\/comments?post=516646"}],"version-history":[{"count":1,"href":"http:\/\/desarrollo.grupomedios.com\/futbol\/wp-json\/wp\/v2\/posts\/516646\/revisions"}],"predecessor-version":[{"id":516648,"href":"http:\/\/desarrollo.grupomedios.com\/futbol\/wp-json\/wp\/v2\/posts\/516646\/revisions\/516648"}],"wp:featuredmedia":[{"embeddable":true,"href":"http:\/\/desarrollo.grupomedios.com\/futbol\/wp-json\/wp\/v2\/media\/516647"}],"wp:attachment":[{"href":"http:\/\/desarrollo.grupomedios.com\/futbol\/wp-json\/wp\/v2\/media?parent=516646"}],"wp:term":[{"taxonomy":"category","embeddable":true,"href":"http:\/\/desarrollo.grupomedios.com\/futbol\/wp-json\/wp\/v2\/categories?post=516646"},{"taxonomy":"post_tag","embeddable":true,"href":"http:\/\/desarrollo.grupomedios.com\/futbol\/wp-json\/wp\/v2\/tags?post=516646"}],"curies":[{"name":"wp","href":"https:\/\/api.w.org\/{rel}","templated":true}]}}