{"id":516649,"date":"2018-02-04T12:35:39","date_gmt":"2018-02-04T18:35:39","guid":{"rendered":"https:\/\/www.futboltotal.com.mx\/?p=516649"},"modified":"2018-02-04T12:35:39","modified_gmt":"2018-02-04T18:35:39","slug":"nino-torres-presumio-regalo-del-canelo-alvarez","status":"publish","type":"post","link":"http:\/\/desarrollo.grupomedios.com\/futbol\/futbol-internacional\/nino-torres-presumio-regalo-del-canelo-alvarez\/2018\/02","title":{"rendered":"El Ni\u00f1o Torres presumi\u00f3 regalo del Canelo \u00c1lvarez"},"content":{"rendered":"<p>El delantero espa\u00f1ol del <strong>Atl\u00e9tico de Madrid<\/strong>, <strong>Fernando Torres<\/strong>, presumi\u00f3 uno de los regalos que le hizo el boxeador mexicano, <strong>Sa\u00fal \u00c1varez<\/strong>.<\/p>\n<p>Fue a trav\u00e9s de su cuenta de <strong>Instagram<\/strong> donde <em>el Ni\u00f1o<\/em> colg\u00f3 una fotograf\u00eda agradeciendo al <em>Canelo<\/em> por el regalo que le hizo llegar al atacante colchonero.<\/p>\n<p style=\"text-align: center;\"><span style=\"color: #3366ff;\"><a href=\"https:\/\/www.futboltotal.com.mx\/futbol-mexicano\/liga-mx\/gignac-felicito-a-jeremy-menez-gol-america\/2018\/02\">VER M\u00c1S: Gignac felicit\u00f3 a J\u00e9remy M\u00e9nez por su gol con Am\u00e9rica<\/a><\/span><\/p>\n<blockquote class=\"instagram-media\" style=\"background: #FFF; border: 0; border-radius: 3px; box-shadow: 0 0 1px 0 rgba(0,0,0,0.5),0 1px 10px 0 rgba(0,0,0,0.15); margin: 1px; max-width: 658px; padding: 0; width: calc(100% - 2px);\" data-instgrm-captioned=\"\" data-instgrm-permalink=\"https:\/\/www.instagram.com\/p\/Beu6mbzjLGD\/\" data-instgrm-version=\"8\">\n<div style=\"padding: 8px;\">\n<div style=\"background: #F8F8F8; line-height: 0; margin-top: 40px; padding: 50.0% 0; text-align: center; width: 100%;\"><\/div>\n<p style=\"margin: 8px 0 0 0; padding: 0 4px;\"><a style=\"color: #000; font-family: Arial,sans-serif; font-size: 14px; font-style: normal; font-weight: normal; line-height: 17px; text-decoration: none; word-wrap: break-word;\" href=\"https:\/\/www.instagram.com\/p\/Beu6mbzjLGD\/\" target=\"_blank\" rel=\"noopener\">Deseando ver al n\u00famero 1 otra vez   Gracias por esta joya @canelo #teamcanelo<\/a><\/p>\n<p style=\"color: #c9c8cd; font-family: Arial,sans-serif; font-size: 14px; line-height: 17px; margin-bottom: 0; margin-top: 8px; overflow: hidden; padding: 8px 0 7px; text-align: center; text-overflow: ellipsis; white-space: nowrap;\">Una publicaci\u00f3n compartida de <a style=\"color: #c9c8cd; font-family: Arial,sans-serif; font-size: 14px; font-style: normal; font-weight: normal; line-height: 17px;\" href=\"https:\/\/www.instagram.com\/fernandotorres\/\" target=\"_blank\" rel=\"noopener\"> \u0493\u1d07\u0280\u0274\u1d00\u0274\u1d05\u1d0f \u1d1b\u1d0f\u0280\u0280\u1d07s<\/a> (@fernandotorres) el <time style=\"font-family: Arial,sans-serif; font-size: 14px; line-height: 17px;\" datetime=\"2018-02-03T11:35:12+00:00\">Feb 3, 2018 at 3:35 PST<\/time><\/p>\n<\/div>\n<\/blockquote>\n<p><script async defer src=\"\/\/platform.instagram.com\/en_US\/embeds.js\"><\/script><\/p>\n<p>El <strong>Ni\u00f1o Torres<\/strong> agradeci\u00f3 el detalle y dej\u00f3 en claro que para \u00e9l, <strong>Canelo \u00c1lvarez<\/strong> es el mejor boxeador del mundo y ya quiere ver a su amigo otra vez peleando sobre el ring<\/p>\n","protected":false},"excerpt":{"rendered":"<p>Para el espa\u00f1ol, Canelo es el mejor boxeador del mundo.<\/p>\n","protected":false},"author":129,"featured_media":481831,"comment_status":"closed","ping_status":"closed","sticky":false,"template":"","format":"standard","meta":[],"categories":[3839,3844],"tags":[6007,5934,6017,2060,8537],"_links":{"self":[{"href":"http:\/\/desarrollo.grupomedios.com\/futbol\/wp-json\/wp\/v2\/posts\/516649"}],"collection":[{"href":"http:\/\/desarrollo.grupomedios.com\/futbol\/wp-json\/wp\/v2\/posts"}],"about":[{"href":"http:\/\/desarrollo.grupomedios.com\/futbol\/wp-json\/wp\/v2\/types\/post"}],"author":[{"embeddable":true,"href":"http:\/\/desarrollo.grupomedios.com\/futbol\/wp-json\/wp\/v2\/users\/129"}],"replies":[{"embeddable":true,"href":"http:\/\/desarrollo.grupomedios.com\/futbol\/wp-json\/wp\/v2\/comments?post=516649"}],"version-history":[{"count":1,"href":"http:\/\/desarrollo.grupomedios.com\/futbol\/wp-json\/wp\/v2\/posts\/516649\/revisions"}],"predecessor-version":[{"id":516650,"href":"http:\/\/desarrollo.grupomedios.com\/futbol\/wp-json\/wp\/v2\/posts\/516649\/revisions\/516650"}],"wp:featuredmedia":[{"embeddable":true,"href":"http:\/\/desarrollo.grupomedios.com\/futbol\/wp-json\/wp\/v2\/media\/481831"}],"wp:attachment":[{"href":"http:\/\/desarrollo.grupomedios.com\/futbol\/wp-json\/wp\/v2\/media?parent=516649"}],"wp:term":[{"taxonomy":"category","embeddable":true,"href":"http:\/\/desarrollo.grupomedios.com\/futbol\/wp-json\/wp\/v2\/categories?post=516649"},{"taxonomy":"post_tag","embeddable":true,"href":"http:\/\/desarrollo.grupomedios.com\/futbol\/wp-json\/wp\/v2\/tags?post=516649"}],"curies":[{"name":"wp","href":"https:\/\/api.w.org\/{rel}","templated":true}]}}