{"id":516651,"date":"2018-02-04T12:58:07","date_gmt":"2018-02-04T18:58:07","guid":{"rendered":"https:\/\/www.futboltotal.com.mx\/?p=516651"},"modified":"2018-02-04T12:58:07","modified_gmt":"2018-02-04T18:58:07","slug":"dt-del-espanyol-contra-pique-puedes-callar-a-una-aficion","status":"publish","type":"post","link":"http:\/\/desarrollo.grupomedios.com\/futbol\/futbol-internacional\/dt-del-espanyol-contra-pique-puedes-callar-a-una-aficion\/2018\/02","title":{"rendered":"DT del Espanyol contra Piqu\u00e9: &#8220;No puedes callar a una afici\u00f3n&#8221;."},"content":{"rendered":"<p>El entrenador del <strong>Espanyol<\/strong>, <strong>Quique S\u00e1nchez Flores<\/strong>, coment\u00f3 despu\u00e9s del empate contra el <strong>Barcelona<\/strong>, en referencia a la celebraci\u00f3n del gol del azulgrana <strong>Gerard Piqu\u00e9<\/strong>, que mand\u00f3 callar a los seguidores locales, que &#8220;un jugador no puede silenciar a la afici\u00f3n y menos a una como la nuestra&#8221;.<\/p>\n<p>En este sentido, el preparador blanquiazul insisti\u00f3 en que los seguidores &#8216;pericos&#8217; &#8220;est\u00e1n muy por encima de esto y lo sabr\u00e1 estar en los pr\u00f3ximos d\u00edas&#8221;.<\/p>\n<p style=\"text-align: center;\"><span style=\"color: #3366ff;\"><a href=\"https:\/\/www.futboltotal.com.mx\/futbol-internacional\/liga-de-espana\/espanyol-1-1-barcelona-laliga-2018-resumen\/2018\/02\">VER M\u00c1S: Piqu\u00e9 rescata al Barcelona del Espanyol y mantienen el invicto<\/a><\/span><\/p>\n<blockquote class=\"twitter-tweet\" data-width=\"500\">\n<p lang=\"es\" dir=\"ltr\">El Golazo de Piqu\u00e9 <a href=\"https:\/\/twitter.com\/hashtag\/For%C3%A7aBar%C3%A7a?src=hash&amp;ref_src=twsrc%5Etfw\">#For\u00e7aBar\u00e7a<\/a> <a href=\"https:\/\/twitter.com\/hashtag\/EspanyolBar%C3%A7a?src=hash&amp;ref_src=twsrc%5Etfw\">#EspanyolBar\u00e7a<\/a> <a href=\"https:\/\/twitter.com\/FCBRAC1?ref_src=twsrc%5Etfw\">@FCBRAC1<\/a> <a href=\"https:\/\/twitter.com\/Fotlipou?ref_src=twsrc%5Etfw\">@Fotlipou<\/a> <a href=\"https:\/\/twitter.com\/rac1?ref_src=twsrc%5Etfw\">@rac1<\/a> <a href=\"https:\/\/twitter.com\/hashtag\/frac1?src=hash&amp;ref_src=twsrc%5Etfw\">#frac1<\/a> <a href=\"https:\/\/twitter.com\/EsportsRAC1?ref_src=twsrc%5Etfw\">@EsportsRAC1<\/a> @tudirasra1 <a href=\"https:\/\/t.co\/MYg0npxFfR\">pic.twitter.com\/MYg0npxFfR<\/a><\/p>\n<p>&mdash; SPRIGGAN (@OminaeSpriggan) <a href=\"https:\/\/twitter.com\/OminaeSpriggan\/status\/960218948875808769?ref_src=twsrc%5Etfw\">February 4, 2018<\/a><\/p><\/blockquote>\n<p><script async src=\"https:\/\/platform.twitter.com\/widgets.js\" charset=\"utf-8\"><\/script><\/p>\n<p>Sobre el resultado, Quique S\u00e1nchez Flores mantuvo que el empate al final provoca un regusto amargo. &#8220;Aunque compitiendo as\u00ed las cosas cambiar\u00e1n en el futuro. Vamos todos a una, somos s\u00f3lidos, concentrados, concedemos poco, son peque\u00f1os detalles intangibles, pero a la hora de sumar los puntos son vitales&#8221;, analiz\u00f3.<\/p>\n<p>La apuesta t\u00e1ctica en este derbi &#8220;ha sido un poco diferente&#8221; al de los otros encuentros en <strong>Copa del Rey<\/strong> contra el Barcelona. &#8220;Hemos llegado bien y fuertes a la fase final del partido. El campo nos ha perjudicado a todos&#8221;, coment\u00f3.<\/p>\n<p>De cara al resto de la campa\u00f1a, el t\u00e9cnico afirm\u00f3 que la temporada &#8220;no acaba ni empieza en el Barcelona&#8221;. &#8220;Somos optimistas y positivos, podemos hacerlo mejor. Esto no va a parar, los que tenemos que coger el ritmo somos nosotros&#8221;, apostill\u00f3. EFE<\/p>\n","protected":false},"excerpt":{"rendered":"<p>El central catal\u00e1n marc\u00f3 y silenci\u00f3  los aficionados del Espanyol.<\/p>\n","protected":false},"author":129,"featured_media":516652,"comment_status":"closed","ping_status":"closed","sticky":false,"template":"","format":"standard","meta":[],"categories":[3839,3844],"tags":[5984,6214,6114,1913],"_links":{"self":[{"href":"http:\/\/desarrollo.grupomedios.com\/futbol\/wp-json\/wp\/v2\/posts\/516651"}],"collection":[{"href":"http:\/\/desarrollo.grupomedios.com\/futbol\/wp-json\/wp\/v2\/posts"}],"about":[{"href":"http:\/\/desarrollo.grupomedios.com\/futbol\/wp-json\/wp\/v2\/types\/post"}],"author":[{"embeddable":true,"href":"http:\/\/desarrollo.grupomedios.com\/futbol\/wp-json\/wp\/v2\/users\/129"}],"replies":[{"embeddable":true,"href":"http:\/\/desarrollo.grupomedios.com\/futbol\/wp-json\/wp\/v2\/comments?post=516651"}],"version-history":[{"count":1,"href":"http:\/\/desarrollo.grupomedios.com\/futbol\/wp-json\/wp\/v2\/posts\/516651\/revisions"}],"predecessor-version":[{"id":516653,"href":"http:\/\/desarrollo.grupomedios.com\/futbol\/wp-json\/wp\/v2\/posts\/516651\/revisions\/516653"}],"wp:featuredmedia":[{"embeddable":true,"href":"http:\/\/desarrollo.grupomedios.com\/futbol\/wp-json\/wp\/v2\/media\/516652"}],"wp:attachment":[{"href":"http:\/\/desarrollo.grupomedios.com\/futbol\/wp-json\/wp\/v2\/media?parent=516651"}],"wp:term":[{"taxonomy":"category","embeddable":true,"href":"http:\/\/desarrollo.grupomedios.com\/futbol\/wp-json\/wp\/v2\/categories?post=516651"},{"taxonomy":"post_tag","embeddable":true,"href":"http:\/\/desarrollo.grupomedios.com\/futbol\/wp-json\/wp\/v2\/tags?post=516651"}],"curies":[{"name":"wp","href":"https:\/\/api.w.org\/{rel}","templated":true}]}}