{"id":516686,"date":"2018-02-04T19:51:50","date_gmt":"2018-02-05T01:51:50","guid":{"rendered":"https:\/\/www.futboltotal.com.mx\/?p=516686"},"modified":"2018-02-05T10:40:43","modified_gmt":"2018-02-05T16:40:43","slug":"epico-trolleo-oribe-peralta-al-pateador-los-patriots","status":"publish","type":"post","link":"http:\/\/desarrollo.grupomedios.com\/futbol\/futbol-mexicano\/epico-trolleo-oribe-peralta-al-pateador-los-patriots\/2018\/02","title":{"rendered":"El \u00e9pico trolleo de Oribe Peralta al pateador de los Patriots"},"content":{"rendered":"<p>El delantero de las \u00c1guilas del Am\u00e9rica, <strong>Oribe Peralta<\/strong>, se mostr\u00f3 como un gran fan de la NFL y durante el Super Bowl aplic\u00f3 un \u00e9pico trolleo al pateador de los Patriots, <strong>Stephen Gostkowski<\/strong>.<\/p>\n<p>Durante el segundo cuarto del partido, el ariete de las <em>\u00c1guilas<\/em> hizo una publicaci\u00f3n que gener\u00f3 las risas de sus seguidores en <strong>redes sociales<\/strong>.<\/p>\n<p>Tras fallar un gol de campo, Oribe coment\u00f3 lo siguiente sobre Gostkowski.<\/p>\n<blockquote class=\"twitter-tweet\" data-partner=\"tweetdeck\">\n<p dir=\"ltr\" lang=\"es\">El cepillo est\u00e1 pateando para los Pats\u2753 \u200d\u2642\ufe0f\u200d\u2642\ufe0f\u200d\u2642\ufe0f<\/p>\n<p>\u2014 Oribe Peralta (@OribePeralta) <a href=\"https:\/\/twitter.com\/OribePeralta\/status\/960315692737290240?ref_src=twsrc%5Etfw\">February 5, 2018<\/a><\/p><\/blockquote>\n<p><script async src=\"https:\/\/platform.twitter.com\/widgets.js\" charset=\"utf-8\"><\/script><\/p>\n","protected":false},"excerpt":{"rendered":"<p>El delantero de las \u00c1guilas demostr\u00f3 que est\u00e1 pendiente en el Super Bowl<\/p>\n","protected":false},"author":160,"featured_media":516687,"comment_status":"closed","ping_status":"closed","sticky":false,"template":"","format":"standard","meta":[],"categories":[2198,3845,5811,5418],"tags":[4395,62,7728,11718],"_links":{"self":[{"href":"http:\/\/desarrollo.grupomedios.com\/futbol\/wp-json\/wp\/v2\/posts\/516686"}],"collection":[{"href":"http:\/\/desarrollo.grupomedios.com\/futbol\/wp-json\/wp\/v2\/posts"}],"about":[{"href":"http:\/\/desarrollo.grupomedios.com\/futbol\/wp-json\/wp\/v2\/types\/post"}],"author":[{"embeddable":true,"href":"http:\/\/desarrollo.grupomedios.com\/futbol\/wp-json\/wp\/v2\/users\/160"}],"replies":[{"embeddable":true,"href":"http:\/\/desarrollo.grupomedios.com\/futbol\/wp-json\/wp\/v2\/comments?post=516686"}],"version-history":[{"count":1,"href":"http:\/\/desarrollo.grupomedios.com\/futbol\/wp-json\/wp\/v2\/posts\/516686\/revisions"}],"predecessor-version":[{"id":516688,"href":"http:\/\/desarrollo.grupomedios.com\/futbol\/wp-json\/wp\/v2\/posts\/516686\/revisions\/516688"}],"wp:featuredmedia":[{"embeddable":true,"href":"http:\/\/desarrollo.grupomedios.com\/futbol\/wp-json\/wp\/v2\/media\/516687"}],"wp:attachment":[{"href":"http:\/\/desarrollo.grupomedios.com\/futbol\/wp-json\/wp\/v2\/media?parent=516686"}],"wp:term":[{"taxonomy":"category","embeddable":true,"href":"http:\/\/desarrollo.grupomedios.com\/futbol\/wp-json\/wp\/v2\/categories?post=516686"},{"taxonomy":"post_tag","embeddable":true,"href":"http:\/\/desarrollo.grupomedios.com\/futbol\/wp-json\/wp\/v2\/tags?post=516686"}],"curies":[{"name":"wp","href":"https:\/\/api.w.org\/{rel}","templated":true}]}}