{"id":516714,"date":"2018-02-05T09:43:13","date_gmt":"2018-02-05T15:43:13","guid":{"rendered":"https:\/\/www.futboltotal.com.mx\/?p=516714"},"modified":"2018-02-05T09:43:13","modified_gmt":"2018-02-05T15:43:13","slug":"tom-brady-desconoce-seguira-en-la-nfl","status":"publish","type":"post","link":"http:\/\/desarrollo.grupomedios.com\/futbol\/no-todo-es-futbol\/tom-brady-desconoce-seguira-en-la-nfl\/2018\/02","title":{"rendered":"Tom Brady desconoce si seguir\u00e1 en la NFL"},"content":{"rendered":"<p>El legendario mariscal <strong>Tom Brady<\/strong> admiti\u00f3 que dentro del equipo y en su propia persona hab\u00eda &#8220;frustraci\u00f3n&#8221; por la manera como perdieron el partido de la 52 edici\u00f3n del<strong> Super Bowl<\/strong> de la <strong>NFL<\/strong>\u00a0ante los<strong> Eagles de Filadeli<\/strong>a (41-33).<\/p>\n<p>Pero reconoci\u00f3 que tampoco era el momento de sacar m\u00e1s conclusiones que pasar p\u00e1gina, felicitar a los nuevos campeones y seguir adelante.<\/p>\n<blockquote><p><mark>&#8220;A penas han pasado minutos desde que perdimos el partido y por lo tanto no se puede hablar de lo que ser\u00e1 mi futuro, aunque como es l\u00f3gico tendr\u00e9 que analizar toda la situaci\u00f3n&#8221;, declar\u00f3 Brady. &#8220;Pero al final del camino no veo porque no podr\u00eda volver a jugar lo que ser\u00e1 mi decimonovena temporada como profesional&#8221;.<\/mark><\/p><\/blockquote>\n<p>Durante el partido ante los Eagles, Brady hizo su trabajo al completar 28 de 48 pases para 505 yardas, incluidos tres de anotaci\u00f3n, sin interceptaciones, y dej\u00f3 en 115,4 el \u00edndice de pasador.<\/p>\n<p style=\"text-align: center;\"><span style=\"color: #3366ff;\"><a href=\"https:\/\/www.futboltotal.com.mx\/no-todo-es-futbol\/nfl\/filadelfia-campeon-del-super-bowl-lii\/2018\/02\">VER M\u00c1S: \u00a1Filadelfia, campe\u00f3n del Super Bowl LII!<\/a><\/span><\/p>\n<p><mark>Las 505 yardas a\u00e9reas de Brady, de 40 a\u00f1os, en activo desde la temporada del 2000, fueron la mayor cantidad lanzadas en la historia en un partido de playoffs<\/mark>, pero se qued\u00f3 a las puertas de conseguir lo que hubiese sido su sexto trofeo Vince Lombardi.<\/p>\n<p>&#8220;Creo que en la segunda parte hicimos mejor las cosas y cuando nos colocamos por delante en el marcador (33-32) fue el momento que no supimos aprovechar al hacer mejor defensa que nos hubiese permitido jugar con m\u00e1s tranquilidad en la ofensiva&#8221;, valor\u00f3 Brady. &#8220;Pero todo el equipo luch\u00f3 e intentamos a un rival que la final fue mejor que nosotros&#8221;.<\/p>\n<p>La derrota de Brady, que la noche anterior hab\u00eda sido elegido ganador de su tercer premio de <strong>Jugador M\u00e1s Valioso (MVP<\/strong>) de la liga, mantuvo la maldici\u00f3n de no poder ganar un Super Bowl a pesar de haber quedado como l\u00edder pasador en la temporada regular<\/p>\n","protected":false},"excerpt":{"rendered":"<p>El mariscal de campo no quiso hablar sobre su futuro.<\/p>\n","protected":false},"author":129,"featured_media":516615,"comment_status":"closed","ping_status":"closed","sticky":false,"template":"","format":"standard","meta":[],"categories":[5811,5418],"tags":[7726,4395,6174],"_links":{"self":[{"href":"http:\/\/desarrollo.grupomedios.com\/futbol\/wp-json\/wp\/v2\/posts\/516714"}],"collection":[{"href":"http:\/\/desarrollo.grupomedios.com\/futbol\/wp-json\/wp\/v2\/posts"}],"about":[{"href":"http:\/\/desarrollo.grupomedios.com\/futbol\/wp-json\/wp\/v2\/types\/post"}],"author":[{"embeddable":true,"href":"http:\/\/desarrollo.grupomedios.com\/futbol\/wp-json\/wp\/v2\/users\/129"}],"replies":[{"embeddable":true,"href":"http:\/\/desarrollo.grupomedios.com\/futbol\/wp-json\/wp\/v2\/comments?post=516714"}],"version-history":[{"count":1,"href":"http:\/\/desarrollo.grupomedios.com\/futbol\/wp-json\/wp\/v2\/posts\/516714\/revisions"}],"predecessor-version":[{"id":516715,"href":"http:\/\/desarrollo.grupomedios.com\/futbol\/wp-json\/wp\/v2\/posts\/516714\/revisions\/516715"}],"wp:featuredmedia":[{"embeddable":true,"href":"http:\/\/desarrollo.grupomedios.com\/futbol\/wp-json\/wp\/v2\/media\/516615"}],"wp:attachment":[{"href":"http:\/\/desarrollo.grupomedios.com\/futbol\/wp-json\/wp\/v2\/media?parent=516714"}],"wp:term":[{"taxonomy":"category","embeddable":true,"href":"http:\/\/desarrollo.grupomedios.com\/futbol\/wp-json\/wp\/v2\/categories?post=516714"},{"taxonomy":"post_tag","embeddable":true,"href":"http:\/\/desarrollo.grupomedios.com\/futbol\/wp-json\/wp\/v2\/tags?post=516714"}],"curies":[{"name":"wp","href":"https:\/\/api.w.org\/{rel}","templated":true}]}}