{"id":516728,"date":"2018-02-05T12:56:41","date_gmt":"2018-02-05T18:56:41","guid":{"rendered":"https:\/\/www.futboltotal.com.mx\/?p=516728"},"modified":"2018-02-05T12:56:41","modified_gmt":"2018-02-05T18:56:41","slug":"estrellas-la-nfl-presumieron-jersey-del-america","status":"publish","type":"post","link":"http:\/\/desarrollo.grupomedios.com\/futbol\/futbol-mexicano\/estrellas-la-nfl-presumieron-jersey-del-america\/2018\/02","title":{"rendered":"Estrellas de la NFL presumieron jersey del Am\u00e9rica"},"content":{"rendered":"<p>A unas horas de que iniciara el <strong>Super Bowl LIII<\/strong>, donde las <strong>Philadelphia Eagles<\/strong> derrotaron a <strong>New England Patriots<\/strong>, se dio a conocer que algunas de las estrellas de la <strong>NFL<\/strong> presumieron el jersey del <strong>Am\u00e9rica<\/strong>.<\/p>\n<p>Fue a trav\u00e9s de las redes sociales donde la cuenta de Twitter de <strong>las \u00c1guilas<\/strong> y <em>Televisa Deportes<\/em> presumieron que jugadores de la NFL tengan afinidad con el equipo azulcrema.<\/p>\n<p style=\"text-align: center;\"><span style=\"color: #3366ff;\"><a href=\"https:\/\/www.futboltotal.com.mx\/futbol-mexicano\/liga-mx\/america-felicito-a-las-aguilas-filadelfia-salio-trolleado\/2018\/02\">VER M\u00c1S: Am\u00e9rica felicit\u00f3 a las \u00c1guilas de Filadelfia y sali\u00f3 trolleado<\/a><\/span><\/p>\n<p>https:\/\/twitter.com\/ClubAmerica\/status\/960265092842639360<\/p>\n<p>La primera foto mostr\u00f3 a <strong>Le\u2019Veon Bell<\/strong>, corredor de los <strong>Pittsburgh Steelers<\/strong> posando con el jersey blanco de las \u00c1guilas y luego <strong>Kirk Cousins<\/strong> de los <strong>Washington Red Skins<\/strong> muy feliz ense\u00f1ando la equipaci\u00f3n de local.<\/p>\n<blockquote class=\"twitter-tweet\" data-width=\"500\">\n<p lang=\"es\" dir=\"ltr\">\u00bfQu\u00e9 tal le queda el plumaje a este corredor de <a href=\"https:\/\/twitter.com\/steelers?ref_src=twsrc%5Etfw\">@Steelers<\/a>? <a href=\"https:\/\/t.co\/0I5BmcFkpP\">pic.twitter.com\/0I5BmcFkpP<\/a><\/p>\n<p>&mdash; Televisa Deportes (@TD_Deportes) <a href=\"https:\/\/twitter.com\/TD_Deportes\/status\/960268021196644355?ref_src=twsrc%5Etfw\">February 4, 2018<\/a><\/p><\/blockquote>\n<p><script async src=\"https:\/\/platform.twitter.com\/widgets.js\" charset=\"utf-8\"><\/script><\/p>\n<p>https:\/\/twitter.com\/ClubAmerica\/status\/960269403131609089<\/p>\n<p>Tambi\u00e9n Alvin Kamara de los Santos de Nueva Orleans fue capturado con los colores azulcremas.<\/p>\n<p>https:\/\/twitter.com\/TD_Deportes\/status\/960270522469711873<\/p>\n<p>Mientras que el jugador de los <strong>Kansas City Chiefs<\/strong>, <strong>Travis Kelce<\/strong>, hasta se avent\u00f3 una porra para las \u00c1guilas con un &#8220;Vamos Am\u00e9rica, baby&#8221;.<\/p>\n<p>https:\/\/twitter.com\/ClubAmerica\/status\/960271997111623680<\/p>\n","protected":false},"excerpt":{"rendered":"<p>Los jugadores hasta hicieron una porra para las \u00c1guilas.<\/p>\n","protected":false},"author":129,"featured_media":516729,"comment_status":"closed","ping_status":"closed","sticky":false,"template":"","format":"standard","meta":[],"categories":[2198,3845],"tags":[5959,3883,64,4395],"_links":{"self":[{"href":"http:\/\/desarrollo.grupomedios.com\/futbol\/wp-json\/wp\/v2\/posts\/516728"}],"collection":[{"href":"http:\/\/desarrollo.grupomedios.com\/futbol\/wp-json\/wp\/v2\/posts"}],"about":[{"href":"http:\/\/desarrollo.grupomedios.com\/futbol\/wp-json\/wp\/v2\/types\/post"}],"author":[{"embeddable":true,"href":"http:\/\/desarrollo.grupomedios.com\/futbol\/wp-json\/wp\/v2\/users\/129"}],"replies":[{"embeddable":true,"href":"http:\/\/desarrollo.grupomedios.com\/futbol\/wp-json\/wp\/v2\/comments?post=516728"}],"version-history":[{"count":1,"href":"http:\/\/desarrollo.grupomedios.com\/futbol\/wp-json\/wp\/v2\/posts\/516728\/revisions"}],"predecessor-version":[{"id":516730,"href":"http:\/\/desarrollo.grupomedios.com\/futbol\/wp-json\/wp\/v2\/posts\/516728\/revisions\/516730"}],"wp:featuredmedia":[{"embeddable":true,"href":"http:\/\/desarrollo.grupomedios.com\/futbol\/wp-json\/wp\/v2\/media\/516729"}],"wp:attachment":[{"href":"http:\/\/desarrollo.grupomedios.com\/futbol\/wp-json\/wp\/v2\/media?parent=516728"}],"wp:term":[{"taxonomy":"category","embeddable":true,"href":"http:\/\/desarrollo.grupomedios.com\/futbol\/wp-json\/wp\/v2\/categories?post=516728"},{"taxonomy":"post_tag","embeddable":true,"href":"http:\/\/desarrollo.grupomedios.com\/futbol\/wp-json\/wp\/v2\/tags?post=516728"}],"curies":[{"name":"wp","href":"https:\/\/api.w.org\/{rel}","templated":true}]}}