{"id":516732,"date":"2018-02-05T14:02:32","date_gmt":"2018-02-05T20:02:32","guid":{"rendered":"https:\/\/www.futboltotal.com.mx\/?p=516732"},"modified":"2018-02-05T14:02:32","modified_gmt":"2018-02-05T20:02:32","slug":"varios-jugadores-los-eagles-iran-trump-a-la-casa-blanca","status":"publish","type":"post","link":"http:\/\/desarrollo.grupomedios.com\/futbol\/no-todo-es-futbol\/varios-jugadores-los-eagles-iran-trump-a-la-casa-blanca\/2018\/02","title":{"rendered":"Varios jugadores de los Eagles no ir\u00e1n con Trump a la Casa Blanca"},"content":{"rendered":"<p>Varios jugadores de los E<strong>agles de Filadelfia<\/strong>, flamantes campeones de la <strong>NFL<\/strong>, no asistir\u00e1n a la recepci\u00f3n del presidente estadounidense, <strong>Donald Trump<\/strong>, en la <strong>Casa Blanca<\/strong>, una tradici\u00f3n que honra cada a\u00f1o al mejor equipo de f\u00fatbol americano de la temporada.<\/p>\n<p>Por lo menos tres jugadores &#8211;<strong>Malcolm Jenkins<\/strong>, <strong>Torrey Smith<\/strong> y <strong>Chris Long<\/strong>&#8211; aseguraron p\u00fablicamente ante diferentes medios de comunicaci\u00f3n que no tienen la intenci\u00f3n de acudir a la habitual recepci\u00f3n presidencial a los campeones del torneo.<\/p>\n<p style=\"text-align: center;\"><span style=\"color: #3366ff;\"><a href=\"https:\/\/www.futboltotal.com.mx\/no-todo-es-futbol\/nfl\/tom-brady-desconoce-seguira-en-la-nfl\/2018\/02\">VER M\u00c1S: Tom Brady desconoce si seguir\u00e1 en la NFL<\/a><\/span><\/p>\n<p>&#8220;Personalmente no anticipo asistir a esa cita&#8221;, se\u00f1al\u00f3 hoy a la cadena CNN el jugador afroamericano Jenkins, que dijo no tener ning\u00fan mensaje para Trump despu\u00e9s de la victoria (41-33) lograda este domingo por su equipo contra los Patriots de Nueva Inglaterra en la 52\u00aa edici\u00f3n de la Super Bowl.<\/p>\n<blockquote class=\"twitter-tweet\" data-width=\"500\">\n<p lang=\"en\" dir=\"ltr\">We did it!!! World Champs!!\u2019 Philly we cant wait to bring this trophy home!!! <a href=\"https:\/\/twitter.com\/hashtag\/FlyEagelsFly?src=hash&amp;ref_src=twsrc%5Etfw\">#FlyEagelsFly<\/a> <a href=\"https:\/\/twitter.com\/hashtag\/GangGreen?src=hash&amp;ref_src=twsrc%5Etfw\">#GangGreen<\/a> <a href=\"https:\/\/t.co\/kRgN8sfNIp\">pic.twitter.com\/kRgN8sfNIp<\/a><\/p>\n<p>&mdash; Malcolm Jenkins (@MalcolmJenkins) <a href=\"https:\/\/twitter.com\/MalcolmJenkins\/status\/960590280842883072?ref_src=twsrc%5Etfw\">February 5, 2018<\/a><\/p><\/blockquote>\n<p><script async src=\"https:\/\/platform.twitter.com\/widgets.js\" charset=\"utf-8\"><\/script><\/p>\n<p>Uno de sus compa\u00f1eros, Chris Long, asegur\u00f3 en una entrevista con una radio local que tampoco se personar\u00e1 en la recepci\u00f3n del mandatario, para que a\u00fan hay que fijar una fecha.<\/p>\n<p>&#8220;No, no voy a ir a la Casa Blanca. \u00bfEst\u00e1s bromeando?&#8221;, apunt\u00f3 Long, que ya desestim\u00f3 la misma invitaci\u00f3n el a\u00f1o pasado tras proclamarse campe\u00f3n con los Patriots de Nueva Inglaterra, su anterior equipo.<\/p>\n<blockquote class=\"twitter-tweet\" data-width=\"500\">\n<p lang=\"und\" dir=\"ltr\"><a href=\"https:\/\/twitter.com\/hashtag\/FlyEaglesFly?src=hash&amp;ref_src=twsrc%5Etfw\">#FlyEaglesFly<\/a> <a href=\"https:\/\/t.co\/37qMeTTKPU\">pic.twitter.com\/37qMeTTKPU<\/a><\/p>\n<p>&mdash; Philadelphia Eagles (@Eagles) <a href=\"https:\/\/twitter.com\/Eagles\/status\/960560226046038017?ref_src=twsrc%5Etfw\">February 5, 2018<\/a><\/p><\/blockquote>\n<p><script async src=\"https:\/\/platform.twitter.com\/widgets.js\" charset=\"utf-8\"><\/script><\/p>\n<p>En los \u00faltimos meses, Trump ha atacado repetidamente a numerosos jugadores de la NFL por arrodillarse durante el himno nacional en se\u00f1al de protesta contra sus pol\u00edticas.<\/p>\n<p>De hecho, el mandatario inst\u00f3 el pasado septiembre a los due\u00f1os de esos equipos a despedir a los jugadores cr\u00edticos y a\u00f1adi\u00f3 que, si los aficionados &#8220;abandonaran el estadio&#8221; cuando tienen lugar protestas de ese tipo, esas &#8220;cosas parar\u00edan&#8221;.<\/p>\n<p>En este sentido, el tambi\u00e9n jugador de los Eagles, Torrey Smith, lament\u00f3 d\u00edas antes de la final que el presidente del pa\u00eds cargase de esta manera contra compa\u00f1eros que protestaban contra el racismo en Estados Unidos.<\/p>\n<p>&#8220;No estamos protestando contra el himno, es una protesta durante el himno&#8221;, indic\u00f3 el receptor afroamericano, que asegur\u00f3 que tampoco ir\u00e1 a la recepci\u00f3n en la Casa Blanca.<\/p>\n<blockquote class=\"twitter-tweet\" data-width=\"500\">\n<p lang=\"en\" dir=\"ltr\">This is guaranteed to be the livest Super Bowl parade of all time! I\u2019m going to buy the biggest wireless Bluetooth speaker and blast Meek Mill all down Broad St! The Wideouts will be live!<\/p>\n<p>&mdash; Torrey Smith (@TorreySmithWR) <a href=\"https:\/\/twitter.com\/TorreySmithWR\/status\/960587021327593474?ref_src=twsrc%5Etfw\">February 5, 2018<\/a><\/p><\/blockquote>\n<p><script async src=\"https:\/\/platform.twitter.com\/widgets.js\" charset=\"utf-8\"><\/script><\/p>\n<p>Despu\u00e9s de la final de la Super Bowl de este domingo, Trump felicit\u00f3 al equipo de los Eagles por una &#8220;estupenda victoria&#8221; contra los Patriots, te\u00f3ricos favoritos a alzarse con el t\u00edtulo nacional. EFE<\/p>\n<blockquote class=\"twitter-tweet\" data-width=\"500\">\n<p lang=\"en\" dir=\"ltr\">Congratulations to the Philadelphia Eagles on a great Super Bowl victory!<\/p>\n<p>&mdash; Donald J. Trump (@realDonaldTrump) <a href=\"https:\/\/twitter.com\/realDonaldTrump\/status\/960361010904338432?ref_src=twsrc%5Etfw\">February 5, 2018<\/a><\/p><\/blockquote>\n<p><script async src=\"https:\/\/platform.twitter.com\/widgets.js\" charset=\"utf-8\"><\/script><\/p>\n","protected":false},"excerpt":{"rendered":"<p>Algunos jugadores est\u00e1n en contra de las acciones del Presidente.<\/p>\n","protected":false},"author":129,"featured_media":516736,"comment_status":"closed","ping_status":"closed","sticky":false,"template":"","format":"standard","meta":[],"categories":[5811,5418,6411],"tags":[6135,4395,11573,11721],"_links":{"self":[{"href":"http:\/\/desarrollo.grupomedios.com\/futbol\/wp-json\/wp\/v2\/posts\/516732"}],"collection":[{"href":"http:\/\/desarrollo.grupomedios.com\/futbol\/wp-json\/wp\/v2\/posts"}],"about":[{"href":"http:\/\/desarrollo.grupomedios.com\/futbol\/wp-json\/wp\/v2\/types\/post"}],"author":[{"embeddable":true,"href":"http:\/\/desarrollo.grupomedios.com\/futbol\/wp-json\/wp\/v2\/users\/129"}],"replies":[{"embeddable":true,"href":"http:\/\/desarrollo.grupomedios.com\/futbol\/wp-json\/wp\/v2\/comments?post=516732"}],"version-history":[{"count":1,"href":"http:\/\/desarrollo.grupomedios.com\/futbol\/wp-json\/wp\/v2\/posts\/516732\/revisions"}],"predecessor-version":[{"id":516737,"href":"http:\/\/desarrollo.grupomedios.com\/futbol\/wp-json\/wp\/v2\/posts\/516732\/revisions\/516737"}],"wp:featuredmedia":[{"embeddable":true,"href":"http:\/\/desarrollo.grupomedios.com\/futbol\/wp-json\/wp\/v2\/media\/516736"}],"wp:attachment":[{"href":"http:\/\/desarrollo.grupomedios.com\/futbol\/wp-json\/wp\/v2\/media?parent=516732"}],"wp:term":[{"taxonomy":"category","embeddable":true,"href":"http:\/\/desarrollo.grupomedios.com\/futbol\/wp-json\/wp\/v2\/categories?post=516732"},{"taxonomy":"post_tag","embeddable":true,"href":"http:\/\/desarrollo.grupomedios.com\/futbol\/wp-json\/wp\/v2\/tags?post=516732"}],"curies":[{"name":"wp","href":"https:\/\/api.w.org\/{rel}","templated":true}]}}