{"id":516741,"date":"2018-02-05T15:18:11","date_gmt":"2018-02-05T21:18:11","guid":{"rendered":"https:\/\/www.futboltotal.com.mx\/?p=516741"},"modified":"2018-02-05T15:18:11","modified_gmt":"2018-02-05T21:18:11","slug":"maluma-otras-estrellas-estuvieron-en-la-fiesta-neymar","status":"publish","type":"post","link":"http:\/\/desarrollo.grupomedios.com\/futbol\/videos\/maluma-otras-estrellas-estuvieron-en-la-fiesta-neymar\/2018\/02","title":{"rendered":"Maluma y otras estrellas que estuvieron en la fiesta de Neymar"},"content":{"rendered":"<p><strong>Neymar<\/strong> festej\u00f3 sus 26 a\u00f1os con una incre\u00edble fiesta en <strong>Par\u00eds<\/strong> que tuvo cerca de 300 invitados. 50 de ellos fueron tra\u00eddos desde Brasil con todo pagado, hotel y estad\u00eda.<\/p>\n<p>El delantero brasile\u00f1o realiz\u00f3 la fiesta en Pavillon Cambon, en el pleno centro de Par\u00eds, entre la Place Vendome y la de \u00d3pera. Entre los invitados destacados estuvieron el cantante de Reggaeton, <strong>Maluma<\/strong>, el exfutbolista <strong>Ronaldo Nazario<\/strong>, adem\u00e1s de que estuvieron amigos, familiares y todo el plantel del <strong>PSG<\/strong>.<\/p>\n<p style=\"text-align: center;\"><span style=\"color: #3366ff;\"><a href=\"https:\/\/www.futboltotal.com.mx\/futbol-internacional\/liga-de-francia-futbol-internacional\/neymar-celebro-cumpleanos-26-emery-aprobo-fiesta\/2018\/02\">VER M\u00c1S: Neymar celebr\u00f3 su cumplea\u00f1os 26 y Emery aprob\u00f3 su fiesta<\/a><\/span><\/p>\n<p><iframe loading=\"lazy\" src=\"https:\/\/www.youtube.com\/embed\/j4u51zFZVr4\" frameborder=\"0\" allowfullscreen=\"allowfullscreen\"><\/iframe><\/p>\n<blockquote class=\"twitter-tweet\" data-width=\"500\">\n<p lang=\"es\" dir=\"ltr\">V\u00cdDEO \u2022 Maluma performando &quot;Coraz\u00f3n&quot; no <a href=\"https:\/\/twitter.com\/hashtag\/BDayNJR?src=hash&amp;ref_src=twsrc%5Etfw\">#BDayNJR<\/a> em Paris! <a href=\"https:\/\/t.co\/OAcm8aKDNq\">pic.twitter.com\/OAcm8aKDNq<\/a><\/p>\n<p>&mdash; Maluma Brasil (@sitemalumabr) <a href=\"https:\/\/twitter.com\/sitemalumabr\/status\/960351341284651008?ref_src=twsrc%5Etfw\">February 5, 2018<\/a><\/p><\/blockquote>\n<p><script async src=\"https:\/\/platform.twitter.com\/widgets.js\" charset=\"utf-8\"><\/script><\/p>\n<p><img decoding=\"async\" src=\"https:\/\/i.imgur.com\/G7cyqWb.jpg\" alt=\"Neymar\" \/><\/p>\n<p><img decoding=\"async\" src=\"https:\/\/sc2.elpais.com.uy\/files\/article_default_content\/files\/crop\/uploads\/2018\/02\/05\/5a78676cb5f1e.r_1517840325724.0-0-1000-743.jpeg\" alt=\"Cavani en el cumplea\u00f1os de Neymar.\" \/><\/p>\n<p><img decoding=\"async\" src=\"https:\/\/i.imgur.com\/zkUmYV8.jpg\" alt=\"Neymar\" \/><\/p>\n<p>&nbsp;<\/p>\n<p>&nbsp;<\/p>\n<p><img decoding=\"async\" src=\"https:\/\/i.imgur.com\/a9SWZqS.jpg\" alt=\"Neymar\" \/><\/p>\n<p><img decoding=\"async\" src=\"https:\/\/images.clarin.com\/2018\/02\/05\/SJat5mU8z_720x0__1.jpg\" alt=\"Neymar celebr\u00f3 su cumplea\u00f1os con una s\u00faper fiesta y se emocion\u00f3 con Maluma\" \/><\/p>\n<p><img decoding=\"async\" src=\"https:\/\/i.imgur.com\/zTJmB6y.jpg\" alt=\"Neymar\" \/><\/p>\n<p>&nbsp;<\/p>\n<p><img decoding=\"async\" src=\"https:\/\/images.clarin.com\/2018\/02\/05\/Bk-dqQLIM_720x0__1.jpg\" alt=\"Neymar celebr\u00f3 su cumplea\u00f1os con una s\u00faper fiesta y se emocion\u00f3 con Maluma\" \/><\/p>\n<p><img decoding=\"async\" src=\"https:\/\/i.imgur.com\/0BOhkRh.jpg\" alt=\"Neymar\" \/><\/p>\n<p>&nbsp;<\/p>\n","protected":false},"excerpt":{"rendered":"<p>Neymar festej\u00f3 sus 26 a\u00f1os con una incre\u00edble fiesta en Par\u00eds que tuvo cerca de 300 invitados.<\/p>\n","protected":false},"author":129,"featured_media":516742,"comment_status":"closed","ping_status":"closed","sticky":false,"template":"","format":"standard","meta":[],"categories":[3839,9609,4],"tags":[11722,6214,9139,6001,114],"_links":{"self":[{"href":"http:\/\/desarrollo.grupomedios.com\/futbol\/wp-json\/wp\/v2\/posts\/516741"}],"collection":[{"href":"http:\/\/desarrollo.grupomedios.com\/futbol\/wp-json\/wp\/v2\/posts"}],"about":[{"href":"http:\/\/desarrollo.grupomedios.com\/futbol\/wp-json\/wp\/v2\/types\/post"}],"author":[{"embeddable":true,"href":"http:\/\/desarrollo.grupomedios.com\/futbol\/wp-json\/wp\/v2\/users\/129"}],"replies":[{"embeddable":true,"href":"http:\/\/desarrollo.grupomedios.com\/futbol\/wp-json\/wp\/v2\/comments?post=516741"}],"version-history":[{"count":1,"href":"http:\/\/desarrollo.grupomedios.com\/futbol\/wp-json\/wp\/v2\/posts\/516741\/revisions"}],"predecessor-version":[{"id":516743,"href":"http:\/\/desarrollo.grupomedios.com\/futbol\/wp-json\/wp\/v2\/posts\/516741\/revisions\/516743"}],"wp:featuredmedia":[{"embeddable":true,"href":"http:\/\/desarrollo.grupomedios.com\/futbol\/wp-json\/wp\/v2\/media\/516742"}],"wp:attachment":[{"href":"http:\/\/desarrollo.grupomedios.com\/futbol\/wp-json\/wp\/v2\/media?parent=516741"}],"wp:term":[{"taxonomy":"category","embeddable":true,"href":"http:\/\/desarrollo.grupomedios.com\/futbol\/wp-json\/wp\/v2\/categories?post=516741"},{"taxonomy":"post_tag","embeddable":true,"href":"http:\/\/desarrollo.grupomedios.com\/futbol\/wp-json\/wp\/v2\/tags?post=516741"}],"curies":[{"name":"wp","href":"https:\/\/api.w.org\/{rel}","templated":true}]}}