{"id":516748,"date":"2018-02-05T16:32:44","date_gmt":"2018-02-05T22:32:44","guid":{"rendered":"https:\/\/www.futboltotal.com.mx\/?p=516748"},"modified":"2018-02-05T16:32:44","modified_gmt":"2018-02-05T22:32:44","slug":"clarence-seedorf-regresa-dt-equipo-espana","status":"publish","type":"post","link":"http:\/\/desarrollo.grupomedios.com\/futbol\/futbol-internacional\/clarence-seedorf-regresa-dt-equipo-espana\/2018\/02","title":{"rendered":"Clarence Seedorf regresa como DT con equipo de Espa\u00f1a"},"content":{"rendered":"<p>El ex futbolista de Holanda,<strong> Clarence Seedorf<\/strong> ha tomado un reto importante y complicado en su carrera luego que ha sido confirmado como el nuevo estratega del\u00a0<strong>Deportivo de la Coru\u00f1a,\u00a0<\/strong>equipo que se encuentra en graves problemas y podr\u00eda perder la categor\u00eda en LaLiga, actualmente se encuentra a tres puntos de la salvaci\u00f3n pero el equipo no tiene muchas esperanzas de levantar.<\/p>\n<p>&#8220;<mark>El presidente y la gente del club tienen mucha convicci\u00f3n de que hay calidad y es un equipo que puede estar en otras posiciones y yo soy una persona a la que le gusta coger la patata caliente.<\/mark> Es f\u00e1cil entrar en un sitio donde las cosas ya funcionan. Estoy aqu\u00ed porque puedo dar algo importante al club y el club a m\u00ed&#8221;, expres\u00f3 el estratega a su llegada a Riazor.<\/p>\n<blockquote class=\"twitter-tweet\" data-lang=\"es\">\n<p dir=\"ltr\" lang=\"pt\">Benvido ao <a href=\"https:\/\/twitter.com\/hashtag\/D%C3%A9por1718?src=hash&amp;ref_src=twsrc%5Etfw\">#D\u00e9por1718<\/a> Clarence! <a href=\"https:\/\/t.co\/ZxXQoRe1wM\">https:\/\/t.co\/ZxXQoRe1wM<\/a> <a href=\"https:\/\/t.co\/3zO7QNxU8w\">pic.twitter.com\/3zO7QNxU8w<\/a><\/p>\n<p>\u2014 RC Deportivo (@RCDeportivo) <a href=\"https:\/\/twitter.com\/RCDeportivo\/status\/960562949151653888?ref_src=twsrc%5Etfw\">5 de febrero de 2018<\/a><\/p><\/blockquote>\n<p><script async src=\"https:\/\/platform.twitter.com\/widgets.js\" charset=\"utf-8\"><\/script><\/p>\n<p style=\"text-align: center;\"><a href=\"https:\/\/www.futboltotal.com.mx\/futbol-mexicano\/liga-mx\/tuca-ferretti-responde-agresion-nahuel-a-nico-castillo\/2018\/02\" target=\"_blank\" rel=\"noopener\">VER M\u00c1S: Tuca Ferretti habla sobre Nicol\u00e1s Castillo<\/a><\/p>\n<p>De acuerdo con antena 3, el cuadro gallego habr\u00eda ofrecido el puesto\u00a0a los uruguayos <strong>Mart\u00edn Lasarte<\/strong> y a <strong>Diego Alonso<\/strong>, pero ninguno de los dos fue capaz de hacerse con el cargo por diversas razones, as\u00ed que terminaron por llegar a un acuerdo con el holand\u00e9s<\/p>\n<p>El estratega llega con experiencia en el <strong>AC Milan<\/strong> en Italia y <strong>Shenzhen<\/strong> de la Super Liga China y ahora con 42 a\u00f1so tendr\u00e1 su primer oportunidad para tomar un equipo de Espa\u00f1a.<\/p>\n<blockquote class=\"twitter-tweet\" data-lang=\"es\">\n<p dir=\"ltr\" lang=\"es\">Seedorf, en su presentaci\u00f3n: &#8220;Creo que puedo dar algo importante al Club&#8221; <a href=\"https:\/\/t.co\/LK5WxhvJZ6\">https:\/\/t.co\/LK5WxhvJZ6<\/a> <a href=\"https:\/\/twitter.com\/hashtag\/D%C3%89POR?src=hash&amp;ref_src=twsrc%5Etfw\">#D\u00c9POR<\/a> <a href=\"https:\/\/t.co\/nY5SGXAuOg\">pic.twitter.com\/nY5SGXAuOg<\/a><\/p>\n<p>\u2014 RC Deportivo (@RCDeportivo) <a href=\"https:\/\/twitter.com\/RCDeportivo\/status\/960627623318634496?ref_src=twsrc%5Etfw\">5 de febrero de 2018<\/a><\/p><\/blockquote>\n<p><script async src=\"https:\/\/platform.twitter.com\/widgets.js\" charset=\"utf-8\"><\/script><\/p>\n<p style=\"text-align: center;\"><a href=\"https:\/\/www.futboltotal.com.mx\/no-todo-es-futbol\/nfl\/los-memes-del-super-bowl-lii-de-la-nfl\/2018\/02\" target=\"_blank\" rel=\"noopener\">VER M\u00c1S: Los mejores memes del Super Bowl<\/a><\/p>\n<p>&nbsp;<\/p>\n","protected":false},"excerpt":{"rendered":"<p>El holand\u00e9s de 42 a\u00f1os tendr\u00e1 un nuevo reto ahora en el futbol de Espa\u00f1a<\/p>\n","protected":false},"author":159,"featured_media":516750,"comment_status":"closed","ping_status":"closed","sticky":false,"template":"","format":"standard","meta":[],"categories":[3839,3844],"tags":[2954,217,253,6024,6114],"_links":{"self":[{"href":"http:\/\/desarrollo.grupomedios.com\/futbol\/wp-json\/wp\/v2\/posts\/516748"}],"collection":[{"href":"http:\/\/desarrollo.grupomedios.com\/futbol\/wp-json\/wp\/v2\/posts"}],"about":[{"href":"http:\/\/desarrollo.grupomedios.com\/futbol\/wp-json\/wp\/v2\/types\/post"}],"author":[{"embeddable":true,"href":"http:\/\/desarrollo.grupomedios.com\/futbol\/wp-json\/wp\/v2\/users\/159"}],"replies":[{"embeddable":true,"href":"http:\/\/desarrollo.grupomedios.com\/futbol\/wp-json\/wp\/v2\/comments?post=516748"}],"version-history":[{"count":2,"href":"http:\/\/desarrollo.grupomedios.com\/futbol\/wp-json\/wp\/v2\/posts\/516748\/revisions"}],"predecessor-version":[{"id":516753,"href":"http:\/\/desarrollo.grupomedios.com\/futbol\/wp-json\/wp\/v2\/posts\/516748\/revisions\/516753"}],"wp:featuredmedia":[{"embeddable":true,"href":"http:\/\/desarrollo.grupomedios.com\/futbol\/wp-json\/wp\/v2\/media\/516750"}],"wp:attachment":[{"href":"http:\/\/desarrollo.grupomedios.com\/futbol\/wp-json\/wp\/v2\/media?parent=516748"}],"wp:term":[{"taxonomy":"category","embeddable":true,"href":"http:\/\/desarrollo.grupomedios.com\/futbol\/wp-json\/wp\/v2\/categories?post=516748"},{"taxonomy":"post_tag","embeddable":true,"href":"http:\/\/desarrollo.grupomedios.com\/futbol\/wp-json\/wp\/v2\/tags?post=516748"}],"curies":[{"name":"wp","href":"https:\/\/api.w.org\/{rel}","templated":true}]}}