{"id":516770,"date":"2018-02-05T18:32:59","date_gmt":"2018-02-06T00:32:59","guid":{"rendered":"https:\/\/www.futboltotal.com.mx\/?p=516770"},"modified":"2018-02-05T18:32:59","modified_gmt":"2018-02-06T00:32:59","slug":"lucas-zelarayan-le-ruega-a-tuca-salir-tigres","status":"publish","type":"post","link":"http:\/\/desarrollo.grupomedios.com\/futbol\/futbol-mexicano\/lucas-zelarayan-le-ruega-a-tuca-salir-tigres\/2018\/02","title":{"rendered":"Lucas Zelaray\u00e1n le &#8216;ruega&#8217; a Tuca para salir de Tigres"},"content":{"rendered":"<p>El centrocampista creativo argentino,\u00a0<strong>Lucas Zelaray\u00e1n\u00a0<\/strong>no la est\u00e1 pasando nada bien con los <strong>Tigres UANL<\/strong>, pues no ha logrado tener minutos y luego que el inter\u00e9s del\u00a0<strong>Santos de Brasil\u00a0<\/strong>se hiciera latente le ha pedido al estratega de los Felinos que le facilite la salida del plantel para llegar al conjunto de Sao Paulo.<\/p>\n<p>De acuerdo a ESPN Brasil, el mediocampista habl\u00f3 con <strong>Ricardo Ferretti<\/strong> para pedirle personalmente que lo deje salir del equipo luego de no estar viendo actividad, sin embargo &#8216;Tuca&#8217; le ha indicado que la decisi\u00f3n final de su destino la tiene la directiva del equipo de la UANL.<\/p>\n<p style=\"text-align: center;\"><a href=\"https:\/\/www.futboltotal.com.mx\/futbol-mexicano\/liga-mx\/los-5-delanteros-mexicanos-nos-ilusionaron\/2018\/02\" target=\"_blank\" rel=\"noopener\">VER M\u00c1S: Los 5 delanteros mexicanos que solo nos ilusionaron<\/a><\/p>\n<p><mark>Con el mercado de fichajes cerrado la posibilidad que se de esta transacci\u00f3n es imposible<\/mark>, sin embargo el equipo brasile\u00f1o no pierde la ilusi\u00f3n de hacerse con el argentino, sobre todo pensando en el verano donde podr\u00edan seguir peleando en la <strong>Copa Libertadores,<\/strong> torneo del que depender\u00e1 mucho saber si sigue el inter\u00e9s por Lucas.<\/p>\n<p>Zelaray\u00e1n no ha sido requerido por los Felinos, con Pumas no fue utilizado, apenas en el duelo ante Pachuca ingres\u00f3 al minuto 88 y en la jornada tres no vio actividad, mientras que en la fecha dos ingres\u00f3 tres minutos. Sin embargo, <a href=\"https:\/\/www.futboltotal.com.mx\/futbol-mexicano\/liga-mx\/tigres-tendra-una-dura-baja-ante-america\/2018\/02\" target=\"_blank\" rel=\"noopener\">la lesi\u00f3n que ha sufrido <strong>Javier Aquino<\/strong><\/a> podr\u00eda abrirle una peque\u00f1a ventana.<\/p>\n<p style=\"text-align: center;\"><a href=\"https:\/\/www.futboltotal.com.mx\/futbol-mexicano\/liga-mx\/por-que-diego-alonso-no-llego-al-deportivo-la-coruna\/2018\/02\" target=\"_blank\" rel=\"noopener\">VER M\u00c1S: \u00bfPor qu\u00e9 Diego Alonso no lleg\u00f3 al Deportivo la Coru\u00f1a?<\/a><\/p>\n<p>&nbsp;<\/p>\n<p>&nbsp;<\/p>\n","protected":false},"excerpt":{"rendered":"<p>El mediocampista argentino no ha logrado ver mucha actividad en el Clausura 2018<\/p>\n","protected":false},"author":159,"featured_media":516771,"comment_status":"closed","ping_status":"closed","sticky":false,"template":"","format":"standard","meta":[],"categories":[2198,3845],"tags":[9028,64,8084,104,570,258],"_links":{"self":[{"href":"http:\/\/desarrollo.grupomedios.com\/futbol\/wp-json\/wp\/v2\/posts\/516770"}],"collection":[{"href":"http:\/\/desarrollo.grupomedios.com\/futbol\/wp-json\/wp\/v2\/posts"}],"about":[{"href":"http:\/\/desarrollo.grupomedios.com\/futbol\/wp-json\/wp\/v2\/types\/post"}],"author":[{"embeddable":true,"href":"http:\/\/desarrollo.grupomedios.com\/futbol\/wp-json\/wp\/v2\/users\/159"}],"replies":[{"embeddable":true,"href":"http:\/\/desarrollo.grupomedios.com\/futbol\/wp-json\/wp\/v2\/comments?post=516770"}],"version-history":[{"count":1,"href":"http:\/\/desarrollo.grupomedios.com\/futbol\/wp-json\/wp\/v2\/posts\/516770\/revisions"}],"predecessor-version":[{"id":516772,"href":"http:\/\/desarrollo.grupomedios.com\/futbol\/wp-json\/wp\/v2\/posts\/516770\/revisions\/516772"}],"wp:featuredmedia":[{"embeddable":true,"href":"http:\/\/desarrollo.grupomedios.com\/futbol\/wp-json\/wp\/v2\/media\/516771"}],"wp:attachment":[{"href":"http:\/\/desarrollo.grupomedios.com\/futbol\/wp-json\/wp\/v2\/media?parent=516770"}],"wp:term":[{"taxonomy":"category","embeddable":true,"href":"http:\/\/desarrollo.grupomedios.com\/futbol\/wp-json\/wp\/v2\/categories?post=516770"},{"taxonomy":"post_tag","embeddable":true,"href":"http:\/\/desarrollo.grupomedios.com\/futbol\/wp-json\/wp\/v2\/tags?post=516770"}],"curies":[{"name":"wp","href":"https:\/\/api.w.org\/{rel}","templated":true}]}}