{"id":516773,"date":"2018-02-05T19:19:42","date_gmt":"2018-02-06T01:19:42","guid":{"rendered":"https:\/\/www.futboltotal.com.mx\/?p=516773"},"modified":"2018-02-05T19:20:33","modified_gmt":"2018-02-06T01:20:33","slug":"lo-vas-a-creer-presente-matias-vuoso","status":"publish","type":"post","link":"http:\/\/desarrollo.grupomedios.com\/futbol\/futbol-mexicano\/lo-vas-a-creer-presente-matias-vuoso\/2018\/02","title":{"rendered":"\u00a1No lo vas a creer! El presente de Mat\u00edas Vuoso"},"content":{"rendered":"<p>El delantero que jugara para la Selecci\u00f3n Mexicana,<strong> Mat\u00edas Vuoso<\/strong> tuvo su \u00faltima experiencia en el futbol mexicano apenas el pasado 2017 cuando jugara para el <strong>Correcaminos UAT<\/strong>, pero ahora el destino le ha dado un vuelco incre\u00edble al llamado &#8216;Toro&#8217;.<\/p>\n<p>Resulta que el futbolista de 36 a\u00f1os lleg\u00f3 a fichar por el\u00a0\u00a0<strong>Deportivo Arag\u00f3n<\/strong>\u00a0de la\u00a0<strong>Liga Benito Ju\u00e1rez de Oaxaca,\u00a0<\/strong>un equipo que juega en una liga amateur y tiene varias ex estrellas del balompi\u00e9 azteca entre sus filas;\u00a0<strong>C\u00e9sar Villaluz, Juan Carlos Mosqueda, Jos\u00e9 Luis \u201cParejta\u201d L\u00f3pez y Adri\u00e1n Cort\u00e9s.<\/strong><\/p>\n<p style=\"text-align: center;\"><a href=\"https:\/\/www.futboltotal.com.mx\/futbol-mexicano\/liga-mx\/los-5-delanteros-mexicanos-nos-ilusionaron\/2018\/02\" target=\"_blank\" rel=\"noopener\">VER M\u00c1S: Los 5 delanteros que solo nos ilusionaron<\/a><\/p>\n<p><iframe loading=\"lazy\" style=\"border: none; overflow: hidden;\" src=\"https:\/\/www.facebook.com\/plugins\/post.php?href=https%3A%2F%2Fwww.facebook.com%2FDeportivoAragonFutbolClub%2Fposts%2F148693579162740&amp;width=500\" frameborder=\"0\" scrolling=\"no\"><\/iframe><\/p>\n<p>Incluso este domingo que fue presentado, el delantero logr\u00f3 anotar un gol aunque sirvi\u00f3 de poco pues su equipo termin\u00f3 perdiendo\u00a0por 4-3 contra\u00a0<strong>Estudiantes del Sureste<\/strong>. Antes de aceptar sumarse al equipo de Oaxaca, el delantero hab\u00eda tenido un paso por el Barracudas\u00a0<strong>Major Arena Soccer League (MASL)<\/strong>\u00a0de Estados Unidos\u00a0que es de futbol indoor.<\/p>\n<p style=\"text-align: center;\"><a href=\"https:\/\/www.futboltotal.com.mx\/futbol-mexicano\/liga-mx\/por-que-diego-alonso-no-llego-al-deportivo-la-coruna\/2018\/02\" target=\"_blank\" rel=\"noopener\">VER M\u00c1S: \u00bfPor qu\u00e9 Diego Alonso no lleg\u00f3 al Deportivo la Coru\u00f1a?<\/a><\/p>\n","protected":false},"excerpt":{"rendered":"<p>El delantero que llegara a la Selecci\u00f3n Mexicana ahora juega para este equipo<\/p>\n","protected":false},"author":159,"featured_media":516774,"comment_status":"closed","ping_status":"closed","sticky":false,"template":"","format":"standard","meta":[],"categories":[2198,3845],"tags":[1177,11723,7948,331],"_links":{"self":[{"href":"http:\/\/desarrollo.grupomedios.com\/futbol\/wp-json\/wp\/v2\/posts\/516773"}],"collection":[{"href":"http:\/\/desarrollo.grupomedios.com\/futbol\/wp-json\/wp\/v2\/posts"}],"about":[{"href":"http:\/\/desarrollo.grupomedios.com\/futbol\/wp-json\/wp\/v2\/types\/post"}],"author":[{"embeddable":true,"href":"http:\/\/desarrollo.grupomedios.com\/futbol\/wp-json\/wp\/v2\/users\/159"}],"replies":[{"embeddable":true,"href":"http:\/\/desarrollo.grupomedios.com\/futbol\/wp-json\/wp\/v2\/comments?post=516773"}],"version-history":[{"count":2,"href":"http:\/\/desarrollo.grupomedios.com\/futbol\/wp-json\/wp\/v2\/posts\/516773\/revisions"}],"predecessor-version":[{"id":516776,"href":"http:\/\/desarrollo.grupomedios.com\/futbol\/wp-json\/wp\/v2\/posts\/516773\/revisions\/516776"}],"wp:featuredmedia":[{"embeddable":true,"href":"http:\/\/desarrollo.grupomedios.com\/futbol\/wp-json\/wp\/v2\/media\/516774"}],"wp:attachment":[{"href":"http:\/\/desarrollo.grupomedios.com\/futbol\/wp-json\/wp\/v2\/media?parent=516773"}],"wp:term":[{"taxonomy":"category","embeddable":true,"href":"http:\/\/desarrollo.grupomedios.com\/futbol\/wp-json\/wp\/v2\/categories?post=516773"},{"taxonomy":"post_tag","embeddable":true,"href":"http:\/\/desarrollo.grupomedios.com\/futbol\/wp-json\/wp\/v2\/tags?post=516773"}],"curies":[{"name":"wp","href":"https:\/\/api.w.org\/{rel}","templated":true}]}}