{"id":516810,"date":"2018-02-06T13:53:36","date_gmt":"2018-02-06T19:53:36","guid":{"rendered":"https:\/\/www.futboltotal.com.mx\/?p=516810"},"modified":"2018-02-06T13:53:36","modified_gmt":"2018-02-06T19:53:36","slug":"los-10-porteros-la-liga-mx-recordabas","status":"publish","type":"post","link":"http:\/\/desarrollo.grupomedios.com\/futbol\/futbol-internacional\/los-10-porteros-la-liga-mx-recordabas\/2018\/02","title":{"rendered":"Los 10 porteros de la Liga MX que no recordabas"},"content":{"rendered":"<p>En la redacci\u00f3n de <strong>Futbol Total<\/strong> nos pusimos nost\u00e1lgicos y comenzamos a platicar de los porteros que han estado en la <strong>Liga MX,<\/strong> de los cuales muchos no record\u00e1bamos y vinieron de vuelta a nuestra memoria.<\/p>\n<p>Lamentablemente para ellos, a muchos no los recordamos por su gran carrera en <strong>M\u00e9xico<\/strong>, sino por su olvido dentro del futbol mexicano y lo que hicieron dentro de \u00e9l.<\/p>\n<p>Es por ello que te queremos hacer recordar a algunos y te preparamos este conteo de: <strong>Los 10 porteros de la Liga MX que no recordabas.<\/strong><\/p>\n<p style=\"text-align: center;\"><span style=\"color: #3366ff;\"><a href=\"https:\/\/www.futboltotal.com.mx\/futbol-mexicano\/liga-mx\/los-5-delanteros-mexicanos-nos-ilusionaron\/2018\/02\">VER M\u00c1S: Los 5 delanteros mexicanos que solo nos ilusionaron<\/a><\/span><\/p>\n<p><span style=\"color: #3366ff;\">Antonio Poeta P\u00e9rez | Atlas<\/span><\/p>\n<p>Fue parte del gran equipo del Atlas de la temporada 2004, cuando de la mano de Robert De Pinho llegaron hasta las Semifinales. El arquero rojinegro fue parte crucial pero despu\u00e9s de ello nunca volvi\u00f3 a brillar.<\/p>\n<p><img decoding=\"async\" src=\"https:\/\/s3.amazonaws.com\/futbolsapiensbucket\/wp-content\/uploads\/2015\/05\/To%C3%B1o-P%C3%A9rez.jpg\" \/><\/p>\n<p><span style=\"color: #3366ff;\">Christian Luchetti | Santos<\/span><\/p>\n<p>Estuvo poco tiempo con el conjunto de la laguna, pero lo hizo bien. Lleg\u00f3 en el Clausura 2003 procedente de Banfield y su mejor logro fue llegar a los Octavos de Final de la Copa Libertadores, donde el equipo de Santos fue v\u00edctima de un robo del tama\u00f1o del Monumental, donde Luchetti hab\u00eda atajado dos penales.<\/p>\n<p><img decoding=\"async\" loading=\"lazy\" class=\"alignnone size-full wp-image-516820\" src=\"https:\/\/www.futboltotal.com.mx\/wp-content\/uploads\/2018\/02\/christian-luchetti-santos.jpeg\" alt=\"Los 10 porteros de la Liga MX que no recordabas 1\" srcset=\"http:\/\/desarrollo.grupomedios.com\/futbol\/wp-content\/uploads\/2018\/02\/christian-luchetti-santos.jpeg 380w, http:\/\/desarrollo.grupomedios.com\/futbol\/wp-content\/uploads\/2018\/02\/christian-luchetti-santos-197x300.jpeg 197w\" sizes=\"(max-width: 380px) 100vw, 380px\" \/><\/p>\n<p><span style=\"color: #3366ff;\">Sebasti\u00e1n Saja |\u00a0Am\u00e9rica<\/span><\/p>\n<p>Tras la salida de Adolfo R\u00edos del Am\u00e9rica, la directiva decidi\u00f3 buscar al reemplazante del arquero de Cristo. Busc\u00f3 en el extranjero y encontr\u00f3 a Saja, quien hab\u00eda sido el mejor portero de Am\u00e9rica en 2003, aunque fue en la cantera cuando encontraron a Guillermo Ochoa y nunca pudo disputar de los minutos que quer\u00eda.<\/p>\n<p><img decoding=\"async\" src=\"https:\/\/pbs.twimg.com\/media\/DQjYUxTV4AAHjI8.jpg\" \/><\/p>\n<p><span style=\"color: #3366ff;\">Dami\u00e1n Grosso |\u00a0Veracruz y Atlante<\/span><\/p>\n<p>Lleg\u00f3 para jugar con el Atlante pero su mejores momentos los vivi\u00f3 con el conjunto de los Tiburones Rojos, donde comparti\u00f3 vestidor con Cuauht\u00e9moc Blanco, Chaco Gim\u00e9nez, Braulio Luna, Kleber, etc. En una ocasi\u00f3n le ataj\u00f3 un penal al Cuau y festej\u00f3 como si hubiera marcado un gol.<\/p>\n<p><img decoding=\"async\" src=\"https:\/\/pbs.twimg.com\/media\/CAlijvCU0AESTCW.jpg\" \/><\/p>\n<p><span style=\"color: #3366ff;\">Jos\u00e9 Mar\u00eda Buljubasich | Monarcas Morelia<\/span><\/p>\n<p>Estuvo poco tiempo en la Liga MX con los Monarcas Morelia, donde disput\u00f3 la Copa Libertadores con el conjunto pur\u00e9pecha. Despu\u00e9s le fue detectado c\u00e1ncer y se retir\u00f3 del futbol por un tiempo, para despu\u00e9s marcharse a su pa\u00eds con la Universidad de Chile.<\/p>\n<p><img decoding=\"async\" loading=\"lazy\" class=\"alignnone size-full wp-image-516821\" src=\"https:\/\/www.futboltotal.com.mx\/wp-content\/uploads\/2018\/02\/buljubasich-monarcas.jpg\" alt=\"Los 10 porteros de la Liga MX que no recordabas 4\" srcset=\"http:\/\/desarrollo.grupomedios.com\/futbol\/wp-content\/uploads\/2018\/02\/buljubasich-monarcas.jpg 300w, http:\/\/desarrollo.grupomedios.com\/futbol\/wp-content\/uploads\/2018\/02\/buljubasich-monarcas-209x300.jpg 209w\" sizes=\"(max-width: 300px) 100vw, 300px\" \/><\/p>\n<p><span style=\"color: #3366ff;\">Alberto Becerra |\u00a0Am\u00e9rica<\/span><\/p>\n<p>Fue el eterno suplente de Adolfo R\u00edos en el Am\u00e9rica y para su mala suerte, fue parte de una de las peores goleadas que recibi\u00f3 las \u00c1guilas cuando el Toluca le meti\u00f3 6-0 en La Bombonera.<\/p>\n<p><img decoding=\"async\" src=\"http:\/\/soyreferee.com\/wp-content\/uploads\/2016\/03\/alberto-becerra-club-america.jpg\" \/><\/p>\n<p><span style=\"color: #3366ff;\">Mauricio Caranta |\u00a0Santos<\/span><\/p>\n<p>El argentino lleg\u00f3 como otro de los suplentes de Christian Luchetti pero tambi\u00e9n estuvo un tiempo en el equipo y despu\u00e9s regres\u00f3 a Argentina, donde jug\u00f3 la Copa Libertadores con Boca Juniors.<\/p>\n<p><img decoding=\"async\" loading=\"lazy\" class=\"alignnone size-full wp-image-516822\" src=\"https:\/\/www.futboltotal.com.mx\/wp-content\/uploads\/2018\/02\/mauricio-caranta-santos.jpeg\" alt=\"Los 10 porteros de la Liga MX que no recordabas 6\" \/><\/p>\n<p><span style=\"color: #3366ff;\">Adri\u00e1n Mart\u00ednez |\u00a0Santos, San Luis y Necaxa<\/span><\/p>\n<p>Su mejor etapa fue con Santos Laguna en donde gan\u00f3 la liga en el 2001. Despu\u00e9s pas\u00f3 a Necaxa y en el San Luis se hizo de sus servicios y fue pieza fundamental para que el equipo potosino llegara a la final contra el Pachuca.<\/p>\n<p><img decoding=\"async\" src=\"http:\/\/espndeportes-akamai.espn.go.com\/2003\/photos2007\/1103\/m_adrian_martinez_412.jpg\" \/><\/p>\n<p><span style=\"color: #3366ff;\">\u00d3scar Dautt | Tigres y Puebla<\/span><\/p>\n<p>Fue parte de los Tigres que llegaron a la Final de 2001 pero le toc\u00f3 el golazo de media cancha que le marc\u00f3 Walter Silvani para dar el t\u00edtulo a los Tuzos. Dautt incluso lleg\u00f3 a la Selecci\u00f3n Mexicana y fue suplente en la Copa Confederaciones de 2001.<\/p>\n<p><img decoding=\"async\" src=\"http:\/\/i.esmas.com\/futbol\/estadisticas\/images\/oscar-dautt.jpg\" \/><\/p>\n<p><span style=\"color: #3366ff;\">Emmanuel Gonz\u00e1lez |\u00a0Cruz Azul<\/span><br \/>\nFue suplente de \u00d3scar P\u00e9rez en el Cruz Azul durante muchos a\u00f1os y cada que lo requer\u00edan ten\u00eda buenas actuaciones con el equipo celeste. Gonz\u00e1lez debut\u00f3 en 1996 con el Celaya y despu\u00e9s fue traspasado a Toros Neza y hasta con los Tigres tuvo una oportunidad.<\/p>\n<p><img decoding=\"async\" src=\"http:\/\/euro.mediotiempo.com\/media\/2006\/01\/23\/estoy-satisfecho-porque-he-respondido-cuando-me-ponen-emmanuel-gonzalez.jpg\" \/><\/p>\n<p>Y como hab\u00eda otros que tampoco record\u00e1bamos, les dejamos el pil\u00f3n.<\/p>\n<p><span style=\"color: #3366ff;\">Esdras Rangel |\u00a0Pumas<\/span><\/p>\n<p>Para su mala suerte, Esdras siempre fue la segunda opci\u00f3n con el conjunto universitario, pues delante de \u00e9l estaba Sergio Bernal. El canterano debut\u00f3 en 1996 e incluso fue parte de la Seleci\u00f3n Mexicana que jug\u00f3 en Malasia, pero tambi\u00e9n era suplente.<\/p>\n<p><img decoding=\"async\" src=\"http:\/\/drive-futboleno.s3.amazonaws.com\/assets\/images\/encuesta\/57d9b08278ddc.jpg\" \/><\/p>\n","protected":false},"excerpt":{"rendered":"<p>Recordamos estos porteros de la Liga MX. \u00bfTienes alg\u00fan otro?<\/p>\n","protected":false},"author":129,"featured_media":516819,"comment_status":"closed","ping_status":"closed","sticky":false,"template":"","format":"standard","meta":[],"categories":[7570,3839],"tags":[3883,64],"_links":{"self":[{"href":"http:\/\/desarrollo.grupomedios.com\/futbol\/wp-json\/wp\/v2\/posts\/516810"}],"collection":[{"href":"http:\/\/desarrollo.grupomedios.com\/futbol\/wp-json\/wp\/v2\/posts"}],"about":[{"href":"http:\/\/desarrollo.grupomedios.com\/futbol\/wp-json\/wp\/v2\/types\/post"}],"author":[{"embeddable":true,"href":"http:\/\/desarrollo.grupomedios.com\/futbol\/wp-json\/wp\/v2\/users\/129"}],"replies":[{"embeddable":true,"href":"http:\/\/desarrollo.grupomedios.com\/futbol\/wp-json\/wp\/v2\/comments?post=516810"}],"version-history":[{"count":1,"href":"http:\/\/desarrollo.grupomedios.com\/futbol\/wp-json\/wp\/v2\/posts\/516810\/revisions"}],"predecessor-version":[{"id":516823,"href":"http:\/\/desarrollo.grupomedios.com\/futbol\/wp-json\/wp\/v2\/posts\/516810\/revisions\/516823"}],"wp:featuredmedia":[{"embeddable":true,"href":"http:\/\/desarrollo.grupomedios.com\/futbol\/wp-json\/wp\/v2\/media\/516819"}],"wp:attachment":[{"href":"http:\/\/desarrollo.grupomedios.com\/futbol\/wp-json\/wp\/v2\/media?parent=516810"}],"wp:term":[{"taxonomy":"category","embeddable":true,"href":"http:\/\/desarrollo.grupomedios.com\/futbol\/wp-json\/wp\/v2\/categories?post=516810"},{"taxonomy":"post_tag","embeddable":true,"href":"http:\/\/desarrollo.grupomedios.com\/futbol\/wp-json\/wp\/v2\/tags?post=516810"}],"curies":[{"name":"wp","href":"https:\/\/api.w.org\/{rel}","templated":true}]}}