{"id":516818,"date":"2018-02-06T13:54:35","date_gmt":"2018-02-06T19:54:35","guid":{"rendered":"https:\/\/www.futboltotal.com.mx\/?p=516818"},"modified":"2018-02-06T13:54:35","modified_gmt":"2018-02-06T19:54:35","slug":"lo-desea-tigres-dejar-libre-a-zelarayan","status":"publish","type":"post","link":"http:\/\/desarrollo.grupomedios.com\/futbol\/destacado-home\/lo-desea-tigres-dejar-libre-a-zelarayan\/2018\/02","title":{"rendered":"Lo que desea Tigres para dejar libre a Zelaray\u00e1n"},"content":{"rendered":"<p>El mediocampista argentino de <strong>Tigres UANL, Lucas Zelaray\u00e1n<\/strong> ha manifestado su deseo por salir en busca de minutos pero la directiva de Tigres no le ha dado luz verde pues desean una petici\u00f3n para permitirle irse al <strong>Santos de Brasil<\/strong>\u00a0luego que deseaba marcharse a\u00a0pr\u00e9stamo hasta el final de esta temporada, de acuerdo con el medio brasile\u00f1o UOL Esporte,<\/p>\n<p>De acuerdo a la misma fuente la directiva Felina indic\u00f3 que antes de dejar marcharse a pr\u00e9stamo al futbolista deseaba que el argentino renovar\u00e1 otra campa\u00f1a, Zelaray\u00e1n<strong> tiene contrato hasta junio de 2019<\/strong> y la preocupaci\u00f3n principal de los dirigentes es perder la inversi\u00f3n que hicieron por el jugador.<\/p>\n<p style=\"text-align: center;\"><a href=\"https:\/\/www.futboltotal.com.mx\/futbol-mexicano\/liga-mx\/ex-jugador-cruz-azul-sin-centavo-deuda-en-hospital\/2018\/02\">VER M\u00c1S: Ex jugador de Cruz Azul, sin un centavo por deuda en hospital<\/a><\/p>\n<p>Esto debido a que regresar\u00eda al conjunto de Tigres pr\u00e1cticamente al final del v\u00ednculo que tiene, por su parte el jugador acepta extender el v\u00ednculo por seis meses e incluso un a\u00f1o<mark> siempre y cuando le hagan un reajuste en su salario<\/mark>. La misma publicaci\u00f3n indica que se reuni\u00f3 en dos ocasiones con\u00a0 la directiva del Santos y todav\u00eda se encuentra intentando persuadir al equipo para que lo deje marcharse.<\/p>\n<p>De igual forma indican que esperan que esa situaci\u00f3n se desahogue cuanto antes, pues el\u00a0presidente, <mark>Jos\u00e9 Carlos Peres, tiene una foto en su m\u00f3vil del \u2018Chino\u2019 vestido con la camiseta santista.<\/mark> Se indica que el equipos sudamericano desembolsar\u00eda<strong>\u00a0500 mil d\u00f3lares<\/strong> por la cesi\u00f3n, adem\u00e1s que percibir\u00eda\u00a0<strong>100 mil d\u00f3lares mensuales<\/strong>.<\/p>\n<p style=\"text-align: center;\"><a href=\"https:\/\/www.futboltotal.com.mx\/futbol-mexicano\/liga-mx\/lo-vas-a-creer-presente-matias-vuoso\/2018\/02\">VER M\u00c1S: \u00a1No lo vas a creer! El presente de Mat\u00edas Vuoso<\/a><\/p>\n","protected":false},"excerpt":{"rendered":"<p>El mediocampista contin\u00faa con la novela que involucra al Santos de Brasil; podr\u00eda salir de la Liga MX<\/p>\n","protected":false},"author":159,"featured_media":492460,"comment_status":"closed","ping_status":"closed","sticky":false,"template":"","format":"standard","meta":[],"categories":[5,2198,3845],"tags":[9028,64,8084,570],"_links":{"self":[{"href":"http:\/\/desarrollo.grupomedios.com\/futbol\/wp-json\/wp\/v2\/posts\/516818"}],"collection":[{"href":"http:\/\/desarrollo.grupomedios.com\/futbol\/wp-json\/wp\/v2\/posts"}],"about":[{"href":"http:\/\/desarrollo.grupomedios.com\/futbol\/wp-json\/wp\/v2\/types\/post"}],"author":[{"embeddable":true,"href":"http:\/\/desarrollo.grupomedios.com\/futbol\/wp-json\/wp\/v2\/users\/159"}],"replies":[{"embeddable":true,"href":"http:\/\/desarrollo.grupomedios.com\/futbol\/wp-json\/wp\/v2\/comments?post=516818"}],"version-history":[{"count":1,"href":"http:\/\/desarrollo.grupomedios.com\/futbol\/wp-json\/wp\/v2\/posts\/516818\/revisions"}],"predecessor-version":[{"id":516824,"href":"http:\/\/desarrollo.grupomedios.com\/futbol\/wp-json\/wp\/v2\/posts\/516818\/revisions\/516824"}],"wp:featuredmedia":[{"embeddable":true,"href":"http:\/\/desarrollo.grupomedios.com\/futbol\/wp-json\/wp\/v2\/media\/492460"}],"wp:attachment":[{"href":"http:\/\/desarrollo.grupomedios.com\/futbol\/wp-json\/wp\/v2\/media?parent=516818"}],"wp:term":[{"taxonomy":"category","embeddable":true,"href":"http:\/\/desarrollo.grupomedios.com\/futbol\/wp-json\/wp\/v2\/categories?post=516818"},{"taxonomy":"post_tag","embeddable":true,"href":"http:\/\/desarrollo.grupomedios.com\/futbol\/wp-json\/wp\/v2\/tags?post=516818"}],"curies":[{"name":"wp","href":"https:\/\/api.w.org\/{rel}","templated":true}]}}