{"id":516845,"date":"2018-02-06T15:51:52","date_gmt":"2018-02-06T21:51:52","guid":{"rendered":"https:\/\/www.futboltotal.com.mx\/?p=516845"},"modified":"2018-02-06T15:51:52","modified_gmt":"2018-02-06T21:51:52","slug":"courtois-guino-al-real-madrid-fichaje","status":"publish","type":"post","link":"http:\/\/desarrollo.grupomedios.com\/futbol\/futbol-internacional\/courtois-guino-al-real-madrid-fichaje\/2018\/02","title":{"rendered":"Courtois hace un gui\u00f1o al Real Madrid para su fichaje"},"content":{"rendered":"<p>El guardameta internacional belga del <strong>Chelsea,<\/strong> <strong>Thibaut Courtois<\/strong>, ha afirmado, sobre un hipot\u00e9tico inter\u00e9s por \u00e9l del <strong>Real Madrid<\/strong>, que su coraz\u00f3n est\u00e1 en la capital de <strong>Espa\u00f1a<\/strong> y que si el club blanco &#8220;est\u00e1 realmente interesado&#8221; en sus servicios, su &#8220;situaci\u00f3n personal podr\u00eda influir&#8221;.<\/p>\n<p>El exportero del <strong>Atl\u00e9tico de Madrid<\/strong> afirma en el portal belga <em>Sport\/Foot Magazine<\/em>: &#8220;Mi situaci\u00f3n personal est\u00e1 relacionada con la ciudad de Madrid, eso es sabido. Mis dos hijos viven all\u00ed con su madre. Tengo a mi hija todos los d\u00edas en el Facetime. A menudo me dice que me extra\u00f1a. Mi hijo es demasiado peque\u00f1o para que nos comuniquemos as\u00ed&#8221;.<\/p>\n<p style=\"text-align: center;\"><a href=\"https:\/\/www.futboltotal.com.mx\/futbol-internacional\/liga-de-espana\/real-madrid-plan-b-en-caso-neymar-llegue\/2018\/02\">VER M\u00c1S: Real Madrid tiene Plan B en caso que Neymar no llegue<\/a><\/p>\n<p>&#8220;Siempre que tengo la oportunidad, intento hacer un viaje de regreso a Espa\u00f1a. Como situaci\u00f3n, no siempre es f\u00e1cil. S\u00ed, mi coraz\u00f3n est\u00e1 en Madrid. Es l\u00f3gico y comprensible&#8221;, agrega Courtois.<\/p>\n<p><mark>&#8220;Si me quieren, tienen que contactar con el Chelsea. Eso ya lo veremos. Pero nunca lo hicieron. Lo cierto es que alg\u00fan d\u00eda volver\u00e9 a Madrid. Amo Espa\u00f1a, amo esa ciudad, pas\u00e9 tres a\u00f1os maravillosos all\u00ed. Ah\u00ed es donde crec\u00ed&#8221;, record\u00f3 el exrojiblanco.<\/mark><\/p>\n<p>&#8220;El Atl\u00e9tico de Madrid era un verdadero grupo de amigos. Sal\u00edamos juntos, mis compa\u00f1eros de equipo me ense\u00f1aron un idioma que no conoc\u00eda cuando llegu\u00e9. Cuando me fui, llor\u00e9. Mis primeros d\u00edas en Londres no fueron f\u00e1ciles. Ahora me siento muy c\u00f3modo aqu\u00ed&#8221;, comenta.<\/p>\n<p>&#8220;<mark>Si el Real Madrid est\u00e1 realmente interesado, mi situaci\u00f3n personal podr\u00eda influir, s\u00ed. El aspecto familiar no tiene precio. Pero te lo dir\u00e9 otra vez, ahora mismo estoy ocupado hablando con Chelsea sobre la renovaci\u00f3n&#8221;<\/mark>, agrega. EFE<\/p>\n","protected":false},"excerpt":{"rendered":"<p>El portero del Chelsea no dudar\u00eda en regresar a Espa\u00f1a.<\/p>\n","protected":false},"author":129,"featured_media":451566,"comment_status":"closed","ping_status":"closed","sticky":false,"template":"","format":"standard","meta":[],"categories":[3839,3844],"tags":[6007,6214,1913],"_links":{"self":[{"href":"http:\/\/desarrollo.grupomedios.com\/futbol\/wp-json\/wp\/v2\/posts\/516845"}],"collection":[{"href":"http:\/\/desarrollo.grupomedios.com\/futbol\/wp-json\/wp\/v2\/posts"}],"about":[{"href":"http:\/\/desarrollo.grupomedios.com\/futbol\/wp-json\/wp\/v2\/types\/post"}],"author":[{"embeddable":true,"href":"http:\/\/desarrollo.grupomedios.com\/futbol\/wp-json\/wp\/v2\/users\/129"}],"replies":[{"embeddable":true,"href":"http:\/\/desarrollo.grupomedios.com\/futbol\/wp-json\/wp\/v2\/comments?post=516845"}],"version-history":[{"count":1,"href":"http:\/\/desarrollo.grupomedios.com\/futbol\/wp-json\/wp\/v2\/posts\/516845\/revisions"}],"predecessor-version":[{"id":516848,"href":"http:\/\/desarrollo.grupomedios.com\/futbol\/wp-json\/wp\/v2\/posts\/516845\/revisions\/516848"}],"wp:featuredmedia":[{"embeddable":true,"href":"http:\/\/desarrollo.grupomedios.com\/futbol\/wp-json\/wp\/v2\/media\/451566"}],"wp:attachment":[{"href":"http:\/\/desarrollo.grupomedios.com\/futbol\/wp-json\/wp\/v2\/media?parent=516845"}],"wp:term":[{"taxonomy":"category","embeddable":true,"href":"http:\/\/desarrollo.grupomedios.com\/futbol\/wp-json\/wp\/v2\/categories?post=516845"},{"taxonomy":"post_tag","embeddable":true,"href":"http:\/\/desarrollo.grupomedios.com\/futbol\/wp-json\/wp\/v2\/tags?post=516845"}],"curies":[{"name":"wp","href":"https:\/\/api.w.org\/{rel}","templated":true}]}}