{"id":516846,"date":"2018-02-06T15:59:46","date_gmt":"2018-02-06T21:59:46","guid":{"rendered":"https:\/\/www.futboltotal.com.mx\/?p=516846"},"modified":"2018-02-06T15:59:46","modified_gmt":"2018-02-06T21:59:46","slug":"equipo-juega-tigres-dicen-clasico-edu-vargas","status":"publish","type":"post","link":"http:\/\/desarrollo.grupomedios.com\/futbol\/futbol-mexicano\/equipo-juega-tigres-dicen-clasico-edu-vargas\/2018\/02","title":{"rendered":"Cada equipo que juega con Tigres dicen que es cl\u00e1sico: Edu Vargas"},"content":{"rendered":"<p>Durante los \u00faltimos a\u00f1os <strong>Tigres UANL<\/strong> se ha convertido en un equipo protagonista de la <strong>Liga MX<\/strong>, consiguiendo tres campeonatos en un plazo corto, por lo que ha comenzado a tomar una nueva dimensi\u00f3n para los dem\u00e1s equipos, de acuerdo con el atacante chileno, <strong>Eduardo Vargas<\/strong> indic\u00f3 que ya es un grande de M\u00e9xico.<\/p>\n<p>&#8220;<mark>Tigres ha hecho buenas cosas en los \u00faltimos a\u00f1os y creo que ya es un equipo grande, desde que comenz\u00f3 a ganar t\u00edtulos ya todos los rivales no miran con otro respeto y vienen a jugar de otra manera\u201d<\/mark>, dijo para los medios de comunicaci\u00f3n durante la conferencia de prensa que se dio este martes.<\/p>\n<p style=\"text-align: center;\"><a href=\"https:\/\/www.futboltotal.com.mx\/futbol-internacional\/liga-de-espana\/real-madrid-plan-b-en-caso-neymar-llegue\/2018\/02\">VER M\u00c1S: Real Madrid tiene Plan B en caso que Neymar no llegue<\/a><\/p>\n<p>El delantero chileno acept\u00f3 que no tuvo un paso destacado por el futbol de Europa, sin embargo ha logrado asentarse en el futbol mexicano gracias a la confianza que le ha dado el t\u00e9cnico. Por otro lado expres\u00f3 que los equipos grandes le juegan distinto a los Felinos al grado que llegan a considerarlos como un cl\u00e1sico.<\/p>\n<p><mark>\u201cCada equipo que juega con Tigres ya dicen que es un cl\u00e1sico, saben el potencial que tenemos y todos nos quieren ganar, por eso yo creo que con los equipos grandes nos hacen llamar cl\u00e1sicos\u201d<\/mark>, indic\u00f3. Los Felinos se medir\u00e1n este s\u00e1bado ante las \u00c1guilas del Am\u00e9rica en un encuentro de la Jornada 6 del Clausura 2018.<\/p>\n<blockquote class=\"twitter-tweet\" data-lang=\"es\">\n<p dir=\"ltr\" lang=\"es\">El atacante chileno <a href=\"https:\/\/twitter.com\/eduvargas_17?ref_src=twsrc%5Etfw\">@eduvargas_17<\/a> , dijo que a los <a href=\"https:\/\/twitter.com\/TigresOficial?ref_src=twsrc%5Etfw\">@TigresOficial<\/a> todos los equipos le quieren ganar y todos consideran ese duelo como un cl\u00e1sico. <a href=\"https:\/\/t.co\/sck5x5yGel\">pic.twitter.com\/sck5x5yGel<\/a><\/p>\n<p>\u2014 CANCHA (@CANCHAELNORTE) <a href=\"https:\/\/twitter.com\/CANCHAELNORTE\/status\/960954011288420352?ref_src=twsrc%5Etfw\">6 de febrero de 2018<\/a><\/p><\/blockquote>\n<p><script async src=\"https:\/\/platform.twitter.com\/widgets.js\" charset=\"utf-8\"><\/script><\/p>\n<p style=\"text-align: center;\"><a href=\"https:\/\/www.futboltotal.com.mx\/futbol-internacional\/los-10-porteros-la-liga-mx-recordabas\/2018\/02\">VER M\u00c1S: Los 10 porteros de la Liga MX que no recordabas<\/a><\/p>\n","protected":false},"excerpt":{"rendered":"<p>El chileno expres\u00f3 que ya pueden ser considerados como un equipo grande dentro de la Liga MX<\/p>\n","protected":false},"author":159,"featured_media":485638,"comment_status":"closed","ping_status":"closed","sticky":false,"template":"","format":"standard","meta":[],"categories":[2198,3845],"tags":[9028,5994,64,570],"_links":{"self":[{"href":"http:\/\/desarrollo.grupomedios.com\/futbol\/wp-json\/wp\/v2\/posts\/516846"}],"collection":[{"href":"http:\/\/desarrollo.grupomedios.com\/futbol\/wp-json\/wp\/v2\/posts"}],"about":[{"href":"http:\/\/desarrollo.grupomedios.com\/futbol\/wp-json\/wp\/v2\/types\/post"}],"author":[{"embeddable":true,"href":"http:\/\/desarrollo.grupomedios.com\/futbol\/wp-json\/wp\/v2\/users\/159"}],"replies":[{"embeddable":true,"href":"http:\/\/desarrollo.grupomedios.com\/futbol\/wp-json\/wp\/v2\/comments?post=516846"}],"version-history":[{"count":1,"href":"http:\/\/desarrollo.grupomedios.com\/futbol\/wp-json\/wp\/v2\/posts\/516846\/revisions"}],"predecessor-version":[{"id":516850,"href":"http:\/\/desarrollo.grupomedios.com\/futbol\/wp-json\/wp\/v2\/posts\/516846\/revisions\/516850"}],"wp:featuredmedia":[{"embeddable":true,"href":"http:\/\/desarrollo.grupomedios.com\/futbol\/wp-json\/wp\/v2\/media\/485638"}],"wp:attachment":[{"href":"http:\/\/desarrollo.grupomedios.com\/futbol\/wp-json\/wp\/v2\/media?parent=516846"}],"wp:term":[{"taxonomy":"category","embeddable":true,"href":"http:\/\/desarrollo.grupomedios.com\/futbol\/wp-json\/wp\/v2\/categories?post=516846"},{"taxonomy":"post_tag","embeddable":true,"href":"http:\/\/desarrollo.grupomedios.com\/futbol\/wp-json\/wp\/v2\/tags?post=516846"}],"curies":[{"name":"wp","href":"https:\/\/api.w.org\/{rel}","templated":true}]}}