{"id":516862,"date":"2018-02-06T17:18:12","date_gmt":"2018-02-06T23:18:12","guid":{"rendered":"https:\/\/www.futboltotal.com.mx\/?p=516862"},"modified":"2018-02-06T17:18:12","modified_gmt":"2018-02-06T23:18:12","slug":"emotivo-mensaje-guardado-a-la-volpe-cumpleanos","status":"publish","type":"post","link":"http:\/\/desarrollo.grupomedios.com\/futbol\/destacado-home\/emotivo-mensaje-guardado-a-la-volpe-cumpleanos\/2018\/02","title":{"rendered":"El emotivo mensaje de Guardado a La Volpe por su cumplea\u00f1os"},"content":{"rendered":"<p>El mediocampista mexicano <strong>Andr\u00e9s Guardado<\/strong> public\u00f3 un mensaje muy emotivo en la cuenta de redes sociales donde felicit\u00f3 al entrenador <strong>Ricardo Antonio La Volpe<\/strong> por su cumplea\u00f1os n\u00famero 66.<\/p>\n<p>Guardado agradeci\u00f3 al &#8216;<em>Bigot\u00f3n<\/em>&#8216; por ser uno de los entrenadores m\u00e1s importantes en su carrera futbol\u00edstica, y quien le dio la confianza para debutar en el Tricolor.<\/p>\n<p>El &#8216;<em>Principito<\/em>&#8216; destac\u00f3 la visi\u00f3n que tiene La Volpe en el mundo del futbol y afirm\u00f3 que siempre le tendr\u00e1 un cari\u00f1o muy especial.<\/p>\n<p style=\"text-align: center;\"><span style=\"color: #333399;\"><a href=\"https:\/\/www.futboltotal.com.mx\/futbol-mexicano\/lo-vas-a-creer-presente-matias-vuoso\/2018\/02\">VER M\u00c1S:\u00a0<span class=\"item-title\">\u00a1No lo vas a creer! El presente de Mat\u00edas Vuoso<\/span><\/a><\/span><\/p>\n<p>Este fue el mensaje de Andr\u00e9s Guardado a Ricardo Antonio La Volpe.<\/p>\n<blockquote class=\"instagram-media\" style=\"background: #FFF; border: 0; border-radius: 3px; box-shadow: 0 0 1px 0 rgba(0,0,0,0.5),0 1px 10px 0 rgba(0,0,0,0.15); margin: 1px; max-width: 658px; padding: 0; width: calc(100% - 2px);\" data-instgrm-captioned=\"\" data-instgrm-permalink=\"https:\/\/www.instagram.com\/p\/Be3aDP6A-i9\/\" data-instgrm-version=\"8\">\n<div style=\"padding: 8px;\">\n<div style=\"background: #F8F8F8; line-height: 0; margin-top: 40px; padding: 30.959752321981426% 0; text-align: center; width: 100%;\"><\/div>\n<p style=\"margin: 8px 0 0 0; padding: 0 4px;\"><a style=\"color: #000; font-family: Arial,sans-serif; font-size: 14px; font-style: normal; font-weight: normal; line-height: 17px; text-decoration: none; word-wrap: break-word;\" href=\"https:\/\/www.instagram.com\/p\/Be3aDP6A-i9\/\" target=\"_blank\" rel=\"noopener\">Hoy quiero felicitar en su cumple a uno de los entrenadores que m\u00e1s me han marcado en mi carrera y que le tengo un cari\u00f1o especial! &#8230;muchas felicidades profe que cumpla muchos m\u00e1s le mando un abrazo grande&#x1f38a;&#x1f389;&#x1f381;&#8230; y otra vez gracias por tener &#x1f373;&#x1f373; &#8230; visi\u00f3n &#x1f61c;y debutarme en Selecci\u00f3n! #felizcumple #Lavolpe #maestro #felicidades #psqueBisbal P.D. Como han pasado los a\u00f1os &#x1f602;\u26bd\ufe0f&#x1f4aa;&#x1f3fb;&#x1f1f2;&#x1f1fd;<\/a><\/p>\n<p style=\"color: #c9c8cd; font-family: Arial,sans-serif; font-size: 14px; line-height: 17px; margin-bottom: 0; margin-top: 8px; overflow: hidden; padding: 8px 0 7px; text-align: center; text-overflow: ellipsis; white-space: nowrap;\">Una publicaci\u00f3n compartida de <a style=\"color: #c9c8cd; font-family: Arial,sans-serif; font-size: 14px; font-style: normal; font-weight: normal; line-height: 17px;\" href=\"https:\/\/www.instagram.com\/andresgua18\/\" target=\"_blank\" rel=\"noopener\"> Andres guardado<\/a> (@andresgua18) el <time style=\"font-family: Arial,sans-serif; font-size: 14px; line-height: 17px;\" datetime=\"2018-02-06T18:43:56+00:00\">Feb 6, 2018 at 10:43 PST<\/time><\/p>\n<\/div>\n<\/blockquote>\n<p><script async defer src=\"\/\/platform.instagram.com\/en_US\/embeds.js\"><\/script><\/p>\n","protected":false},"excerpt":{"rendered":"<p>El &#8216;Principito&#8217; describi\u00f3 al &#8216;Bigot\u00f3n&#8217; como uno de los entrenadores m\u00e1s importantes de su carrera<\/p>\n","protected":false},"author":160,"featured_media":516866,"comment_status":"closed","ping_status":"closed","sticky":false,"template":"","format":"standard","meta":[],"categories":[5,2198,3845,3847],"tags":[6046,2977,767],"_links":{"self":[{"href":"http:\/\/desarrollo.grupomedios.com\/futbol\/wp-json\/wp\/v2\/posts\/516862"}],"collection":[{"href":"http:\/\/desarrollo.grupomedios.com\/futbol\/wp-json\/wp\/v2\/posts"}],"about":[{"href":"http:\/\/desarrollo.grupomedios.com\/futbol\/wp-json\/wp\/v2\/types\/post"}],"author":[{"embeddable":true,"href":"http:\/\/desarrollo.grupomedios.com\/futbol\/wp-json\/wp\/v2\/users\/160"}],"replies":[{"embeddable":true,"href":"http:\/\/desarrollo.grupomedios.com\/futbol\/wp-json\/wp\/v2\/comments?post=516862"}],"version-history":[{"count":1,"href":"http:\/\/desarrollo.grupomedios.com\/futbol\/wp-json\/wp\/v2\/posts\/516862\/revisions"}],"predecessor-version":[{"id":516868,"href":"http:\/\/desarrollo.grupomedios.com\/futbol\/wp-json\/wp\/v2\/posts\/516862\/revisions\/516868"}],"wp:featuredmedia":[{"embeddable":true,"href":"http:\/\/desarrollo.grupomedios.com\/futbol\/wp-json\/wp\/v2\/media\/516866"}],"wp:attachment":[{"href":"http:\/\/desarrollo.grupomedios.com\/futbol\/wp-json\/wp\/v2\/media?parent=516862"}],"wp:term":[{"taxonomy":"category","embeddable":true,"href":"http:\/\/desarrollo.grupomedios.com\/futbol\/wp-json\/wp\/v2\/categories?post=516862"},{"taxonomy":"post_tag","embeddable":true,"href":"http:\/\/desarrollo.grupomedios.com\/futbol\/wp-json\/wp\/v2\/tags?post=516862"}],"curies":[{"name":"wp","href":"https:\/\/api.w.org\/{rel}","templated":true}]}}