{"id":516874,"date":"2018-02-06T19:22:47","date_gmt":"2018-02-07T01:22:47","guid":{"rendered":"https:\/\/www.futboltotal.com.mx\/?p=516874"},"modified":"2018-02-06T19:22:47","modified_gmt":"2018-02-07T01:22:47","slug":"gol-jeremy-menez-america-brillo-futbol-europeo","status":"publish","type":"post","link":"http:\/\/desarrollo.grupomedios.com\/futbol\/destacado-home\/gol-jeremy-menez-america-brillo-futbol-europeo\/2018\/02","title":{"rendered":"El gol de J\u00e9r\u00e9my M\u00e9nez con Am\u00e9rica brill\u00f3 hasta el futbol europeo"},"content":{"rendered":"<p>El primer gol de <strong>J\u00e9r\u00e9my M\u00e9nez<\/strong> con las <strong>\u00c1guilas del Am\u00e9rica<\/strong> dio de qu\u00e9 hablar en M\u00e9xico y en Europa.<\/p>\n<p>M\u00e9nez, quien viene de brillar en el futbol italiano, con diversos equipos como <strong>la Roma y el Mil\u00e1n<\/strong>, tuvo un soberbio gol que se coment\u00f3 en las redes sociales.<\/p>\n<p>La Roma public\u00f3 un mensaje muy especial para M\u00e9nez, destacando el gol que le anot\u00f3 el franc\u00e9s a <strong>Lobos BUAP<\/strong> en la goleada del pasado s\u00e1bado por 5-1.<\/p>\n<p style=\"text-align: center;\"><span style=\"color: #333399;\"><a href=\"https:\/\/www.futboltotal.com.mx\/futbol-internacional\/golazo-a-lo-maradona-este-ex-pumas\/2018\/02\">VER M\u00c1S:\u00a0<span class=\"item-title\">El golazo a lo \u2018Maradona\u2019 de este ex de Pumas<\/span><\/a><\/span><\/p>\n<p><mark>El nuevo delantero de las \u00c1guilas observ\u00f3 el esf\u00e9rico y sin dejarla caer, de derecha sac\u00f3 un disparo colocado e imparable para Jorge Villalpando.<\/mark><\/p>\n<p><strong>Este fue el mensaje de &#8216;La Loba&#8217; sobre el gol de J\u00e9r\u00e9my M\u00e9nez.<\/strong><\/p>\n<blockquote class=\"twitter-tweet\" data-lang=\"es\">\n<p dir=\"ltr\" lang=\"es\">\u00a1Nos encant\u00f3 ver el golazo de <a href=\"https:\/\/twitter.com\/jeremy_menez187?ref_src=twsrc%5Etfw\">@jeremy_menez187<\/a> con ustedes, <a href=\"https:\/\/twitter.com\/ClubAmerica?ref_src=twsrc%5Etfw\">@ClubAmerica<\/a>! &#x1f1f2;&#x1f1fd;<\/p>\n<p>\u00c9l hizo 12 anotaciones y brind\u00f3 22 asistencias en nuestra <a href=\"https:\/\/twitter.com\/hashtag\/ASRoma?src=hash&amp;ref_src=twsrc%5Etfw\">#ASRoma<\/a><br \/>\n&#x1f49b;\u2764\ufe0f<\/p>\n<p>Sabemos que har\u00e1 una incre\u00edble historia en M\u00e9xico &#x1f609;<a href=\"https:\/\/twitter.com\/hashtag\/ASRoma?src=hash&amp;ref_src=twsrc%5Etfw\">#ASRoma<\/a> <a href=\"https:\/\/t.co\/rhxe8EyGGS\">pic.twitter.com\/rhxe8EyGGS<\/a><\/p>\n<p>\u2014 AS Roma Espa\u00f1ol (@ASRomaEspanol) <a href=\"https:\/\/twitter.com\/ASRomaEspanol\/status\/961000922011914241?ref_src=twsrc%5Etfw\">6 de febrero de 2018<\/a><\/p><\/blockquote>\n<p><script async src=\"https:\/\/platform.twitter.com\/widgets.js\" charset=\"utf-8\"><\/script><\/p>\n","protected":false},"excerpt":{"rendered":"<p>La anotaci\u00f3n del delantero franc\u00e9s contra Lobos BUAP dio mucho de qu\u00e9 hablar<\/p>\n","protected":false},"author":160,"featured_media":516875,"comment_status":"closed","ping_status":"closed","sticky":false,"template":"","format":"standard","meta":[],"categories":[5,2198,3845],"tags":[5959,7303,320],"_links":{"self":[{"href":"http:\/\/desarrollo.grupomedios.com\/futbol\/wp-json\/wp\/v2\/posts\/516874"}],"collection":[{"href":"http:\/\/desarrollo.grupomedios.com\/futbol\/wp-json\/wp\/v2\/posts"}],"about":[{"href":"http:\/\/desarrollo.grupomedios.com\/futbol\/wp-json\/wp\/v2\/types\/post"}],"author":[{"embeddable":true,"href":"http:\/\/desarrollo.grupomedios.com\/futbol\/wp-json\/wp\/v2\/users\/160"}],"replies":[{"embeddable":true,"href":"http:\/\/desarrollo.grupomedios.com\/futbol\/wp-json\/wp\/v2\/comments?post=516874"}],"version-history":[{"count":1,"href":"http:\/\/desarrollo.grupomedios.com\/futbol\/wp-json\/wp\/v2\/posts\/516874\/revisions"}],"predecessor-version":[{"id":516876,"href":"http:\/\/desarrollo.grupomedios.com\/futbol\/wp-json\/wp\/v2\/posts\/516874\/revisions\/516876"}],"wp:featuredmedia":[{"embeddable":true,"href":"http:\/\/desarrollo.grupomedios.com\/futbol\/wp-json\/wp\/v2\/media\/516875"}],"wp:attachment":[{"href":"http:\/\/desarrollo.grupomedios.com\/futbol\/wp-json\/wp\/v2\/media?parent=516874"}],"wp:term":[{"taxonomy":"category","embeddable":true,"href":"http:\/\/desarrollo.grupomedios.com\/futbol\/wp-json\/wp\/v2\/categories?post=516874"},{"taxonomy":"post_tag","embeddable":true,"href":"http:\/\/desarrollo.grupomedios.com\/futbol\/wp-json\/wp\/v2\/tags?post=516874"}],"curies":[{"name":"wp","href":"https:\/\/api.w.org\/{rel}","templated":true}]}}