{"id":516883,"date":"2018-02-06T21:26:48","date_gmt":"2018-02-07T03:26:48","guid":{"rendered":"https:\/\/www.futboltotal.com.mx\/?p=516883"},"modified":"2018-02-06T21:26:48","modified_gmt":"2018-02-07T03:26:48","slug":"dura-sancion-maza-terrible-falta-a-oribe","status":"publish","type":"post","link":"http:\/\/desarrollo.grupomedios.com\/futbol\/destacado-home\/dura-sancion-maza-terrible-falta-a-oribe\/2018\/02","title":{"rendered":"Dura sanci\u00f3n para el &#8216;Maza&#8217; por terrible falta a Oribe"},"content":{"rendered":"<p>La dura falta que cometi\u00f3 <strong>Francisco &#8216;Maza&#8217; Rodr\u00edguez<\/strong> al delantero <strong>Oribe Peralta<\/strong> tuvo una fuerte sanci\u00f3n.<\/p>\n<p>La <strong>Comisi\u00f3n Disciplinaria de la Federaci\u00f3n Mexicana de Futbol<\/strong> dio a conocer que el &#8216;Maza&#8217; estar\u00e1 fuera durante <strong>dos semanas<\/strong>.<\/p>\n<p>El capit\u00e1n de los <strong>Lobos BUAP<\/strong> no podr\u00e1 disputar los partidos contra <strong>Atlas y Tigres<\/strong>, despu\u00e9s de la falta por atr\u00e1s que realiz\u00f3 al ariete de las \u00c1guilas del Am\u00e9rica.<\/p>\n<p style=\"text-align: center;\"><span style=\"color: #333399;\"><a href=\"https:\/\/www.futboltotal.com.mx\/destacado-home\/la-liga-mx-podria-suspender-descenso\/2018\/02\">VER M\u00c1S:\u00a0<span class=\"item-title\">La Liga MX podr\u00eda suspender el descenso<\/span><\/a><\/span><\/p>\n<p>Por esta falta, el &#8216;Maza&#8217; se fue expulsado con roja directa al minuto 26 del encuentro del pasado s\u00e1bado en la cancha del <strong>estadio Azteca<\/strong>.<\/p>\n<blockquote class=\"twitter-video\" data-lang=\"es\">\n<p dir=\"ltr\" lang=\"es\">(26&#8242;) ROJA para el &#8216;Maza&#8217; Rodr\u00edguez por un pisot\u00f3n sobre Oribe Peralta.<\/p>\n<p>Lobos BUAP se queda con 10.<\/p>\n<p>EN VIVO por TDN. <a href=\"https:\/\/t.co\/wSXJR5nDtO\">pic.twitter.com\/wSXJR5nDtO<\/a><\/p>\n<p>\u2014 TDN (@tdn_twit) <a href=\"https:\/\/twitter.com\/tdn_twit\/status\/959992624756219904?ref_src=twsrc%5Etfw\">4 de febrero de 2018<\/a><\/p><\/blockquote>\n<p><script async src=\"https:\/\/platform.twitter.com\/widgets.js\" charset=\"utf-8\"><\/script><\/p>\n","protected":false},"excerpt":{"rendered":"<p>El defensa de Lobos BUAP pasar\u00e1 un tiempo en la &#8216;congeladora&#8217;<\/p>\n","protected":false},"author":160,"featured_media":516884,"comment_status":"closed","ping_status":"closed","sticky":false,"template":"","format":"standard","meta":[],"categories":[5,2198,3845],"tags":[5959,1030,431,62],"_links":{"self":[{"href":"http:\/\/desarrollo.grupomedios.com\/futbol\/wp-json\/wp\/v2\/posts\/516883"}],"collection":[{"href":"http:\/\/desarrollo.grupomedios.com\/futbol\/wp-json\/wp\/v2\/posts"}],"about":[{"href":"http:\/\/desarrollo.grupomedios.com\/futbol\/wp-json\/wp\/v2\/types\/post"}],"author":[{"embeddable":true,"href":"http:\/\/desarrollo.grupomedios.com\/futbol\/wp-json\/wp\/v2\/users\/160"}],"replies":[{"embeddable":true,"href":"http:\/\/desarrollo.grupomedios.com\/futbol\/wp-json\/wp\/v2\/comments?post=516883"}],"version-history":[{"count":1,"href":"http:\/\/desarrollo.grupomedios.com\/futbol\/wp-json\/wp\/v2\/posts\/516883\/revisions"}],"predecessor-version":[{"id":516885,"href":"http:\/\/desarrollo.grupomedios.com\/futbol\/wp-json\/wp\/v2\/posts\/516883\/revisions\/516885"}],"wp:featuredmedia":[{"embeddable":true,"href":"http:\/\/desarrollo.grupomedios.com\/futbol\/wp-json\/wp\/v2\/media\/516884"}],"wp:attachment":[{"href":"http:\/\/desarrollo.grupomedios.com\/futbol\/wp-json\/wp\/v2\/media?parent=516883"}],"wp:term":[{"taxonomy":"category","embeddable":true,"href":"http:\/\/desarrollo.grupomedios.com\/futbol\/wp-json\/wp\/v2\/categories?post=516883"},{"taxonomy":"post_tag","embeddable":true,"href":"http:\/\/desarrollo.grupomedios.com\/futbol\/wp-json\/wp\/v2\/tags?post=516883"}],"curies":[{"name":"wp","href":"https:\/\/api.w.org\/{rel}","templated":true}]}}