{"id":516915,"date":"2018-02-07T10:31:26","date_gmt":"2018-02-07T16:31:26","guid":{"rendered":"https:\/\/www.futboltotal.com.mx\/?p=516915"},"modified":"2018-02-07T10:31:26","modified_gmt":"2018-02-07T16:31:26","slug":"jugadores-pumas-tigres-se-burlan-juan-carlos-osorio","status":"publish","type":"post","link":"http:\/\/desarrollo.grupomedios.com\/futbol\/futbol-mexicano\/jugadores-pumas-tigres-se-burlan-juan-carlos-osorio\/2018\/02","title":{"rendered":"Jugadores de Pumas y Tigres se burlan de Juan Carlos Osorio"},"content":{"rendered":"<p>Previo al duelo que jugaron el pasado domingo los<strong> Pumas<\/strong> y los <strong>Tigres<\/strong> en la cancha del <strong>estadio Ol\u00edmpico Universitario<\/strong>, las c\u00e1maras de televisi\u00f3n captaron un momento donde los jugadores de ambos equipos se &#8216;burlaban&#8217; del t\u00e9cnico del <strong>TRI<\/strong>, <strong>Juan Carlos Osorio<\/strong>.<\/p>\n<p>A trav\u00e9s de un video publicado en la cuenta de Twitter por <em>Televisa Deportes<\/em>, se pude ver cuando <strong>Javier Aquino<\/strong> le dice a <strong>Jes\u00fas Due\u00f1as<\/strong> que el jugador de los Pumas (<strong>Jes\u00fas Gallardo<\/strong>) es uno de los preferidos del entrenador de la Selecci\u00f3n Mexicana.<\/p>\n<p>Despu\u00e9s el mismo mediocampista de Tigres, le responde que no ser\u00e1 raro que el colombiano vaya a poner a Gallardo en distintas posiciones.<\/p>\n<p>&#8220;Te va a meter de lateral, extremo, contenci\u00f3n, nueve\u201d, dice Due\u00f1as entre risas.<\/p>\n<p style=\"text-align: center;\"><span style=\"color: #3366ff;\"><a href=\"https:\/\/www.futboltotal.com.mx\/futbol-mexicano\/liga-mx\/estadio-nemesio-diez-nominado-al-estadio-del-ano\/2018\/02\">VER M\u00c1S: Estadio Nemesio Diez, nominado al \u2018estadio del a\u00f1o\u2019<\/a><\/span><\/p>\n<p><iframe loading=\"lazy\" src=\"https:\/\/www.youtube.com\/embed\/OSM-gpra60E\" frameborder=\"0\" allowfullscreen=\"allowfullscreen\"><\/iframe><\/p>\n","protected":false},"excerpt":{"rendered":"<p>Jes\u00fas Due\u00f1as y Javier Aquino hablaron con Jes\u00fas Gallardo sobre el Tri.<\/p>\n","protected":false},"author":129,"featured_media":516916,"comment_status":"closed","ping_status":"closed","sticky":false,"template":"","format":"standard","meta":[],"categories":[2198,3845,3847],"tags":[3883,6025,7863,8134,64,74,5973],"_links":{"self":[{"href":"http:\/\/desarrollo.grupomedios.com\/futbol\/wp-json\/wp\/v2\/posts\/516915"}],"collection":[{"href":"http:\/\/desarrollo.grupomedios.com\/futbol\/wp-json\/wp\/v2\/posts"}],"about":[{"href":"http:\/\/desarrollo.grupomedios.com\/futbol\/wp-json\/wp\/v2\/types\/post"}],"author":[{"embeddable":true,"href":"http:\/\/desarrollo.grupomedios.com\/futbol\/wp-json\/wp\/v2\/users\/129"}],"replies":[{"embeddable":true,"href":"http:\/\/desarrollo.grupomedios.com\/futbol\/wp-json\/wp\/v2\/comments?post=516915"}],"version-history":[{"count":1,"href":"http:\/\/desarrollo.grupomedios.com\/futbol\/wp-json\/wp\/v2\/posts\/516915\/revisions"}],"predecessor-version":[{"id":516917,"href":"http:\/\/desarrollo.grupomedios.com\/futbol\/wp-json\/wp\/v2\/posts\/516915\/revisions\/516917"}],"wp:featuredmedia":[{"embeddable":true,"href":"http:\/\/desarrollo.grupomedios.com\/futbol\/wp-json\/wp\/v2\/media\/516916"}],"wp:attachment":[{"href":"http:\/\/desarrollo.grupomedios.com\/futbol\/wp-json\/wp\/v2\/media?parent=516915"}],"wp:term":[{"taxonomy":"category","embeddable":true,"href":"http:\/\/desarrollo.grupomedios.com\/futbol\/wp-json\/wp\/v2\/categories?post=516915"},{"taxonomy":"post_tag","embeddable":true,"href":"http:\/\/desarrollo.grupomedios.com\/futbol\/wp-json\/wp\/v2\/tags?post=516915"}],"curies":[{"name":"wp","href":"https:\/\/api.w.org\/{rel}","templated":true}]}}