{"id":516919,"date":"2018-02-07T11:52:53","date_gmt":"2018-02-07T17:52:53","guid":{"rendered":"https:\/\/www.futboltotal.com.mx\/?p=516919"},"modified":"2018-02-07T11:52:53","modified_gmt":"2018-02-07T17:52:53","slug":"gignac-buscara-primer-triunfo-ante-menez","status":"publish","type":"post","link":"http:\/\/desarrollo.grupomedios.com\/futbol\/futbol-mexicano\/gignac-buscara-primer-triunfo-ante-menez\/2018\/02","title":{"rendered":"Gignac, por su primera victoria sobre M\u00e9nez"},"content":{"rendered":"<p>El partido de la <strong>Jornada 6 del Clausura 2018<\/strong> tendr\u00e1 un toque franc\u00e9s cuando <strong>Tigres<\/strong> y <strong>Am\u00e9rica<\/strong> se enfrenten el pr\u00f3ximo s\u00e1bado 10 de febrero en la cancha del <strong>estadio Universitario<\/strong>, en el que ser\u00e1 el primer duelo en <strong>M\u00e9xico<\/strong> entre <strong>Andr\u00e9-Pierre Gignac<\/strong> y <strong>J\u00e9r\u00e9my M\u00e9nez<\/strong>.<\/p>\n<p>La primera ocasi\u00f3n en la que se enfrentaron fue en la temporada 2006-2007 cuando J\u00e9r\u00e9my jugaba para el <strong>M\u00f3naco<\/strong> y Gignac para el\u00a0<strong>Lorient<\/strong>. El resultado final fue un empate a dos goles y el ahora jugador felino hizo dos asistencias, mientras que M\u00e9nez marc\u00f3 el empate global.<\/p>\n<p style=\"text-align: center;\"><span style=\"color: #3366ff;\"><a href=\"https:\/\/www.futboltotal.com.mx\/futbol-mexicano\/liga-mx\/gol-jeremy-menez-america-brillo-futbol-europeo\/2018\/02\">VER M\u00c1S: El gol de J\u00e9r\u00e9my M\u00e9nez con Am\u00e9rica brill\u00f3 hasta el futbol europeo<\/a><\/span><\/p>\n<p>Conforme pas\u00f3 el tiempo, ambos delanteros cambiaron de club. J\u00e9r\u00e9my lleg\u00f3 al <strong>Par\u00eds Saint-Germain<\/strong> de <strong>Zlatan Ibrahimovic<\/strong>, <strong>Marco Verratti<\/strong>, <strong>Javier Pastore<\/strong>, y compa\u00f1\u00eda. Andr\u00e9 pas\u00f3 al <strong>Olympique de Marseille<\/strong>, en donde busc\u00f3 quitarle el dominio al conjunto parisino, pero cont\u00f3 con poca fortuna.<\/p>\n<p>M\u00e9n\u00e9z tom\u00f3 la ventaja en el <strong>Parque de los Pr\u00edncipes.<\/strong> En dicho inmueble derrot\u00f3 en tres ocasiones a <em>APG<\/em> y en esos tres cotejos marc\u00f3 un tanto y puso una asistencia. Gignac se fue en blanco en sus estad\u00edsticas, ya que no marc\u00f3 y tampoco pudo hacer pases a gol.<\/p>\n<p><iframe loading=\"lazy\" src=\"https:\/\/www.youtube.com\/embed\/ge6zMisTIhg?feature=oembed\" frameborder=\"0\" allow=\"autoplay; encrypted-media\" allowfullscreen><\/iframe><\/p>\n","protected":false},"excerpt":{"rendered":"<p>Los franceses se enfrentar\u00e1n por primera vez en M\u00e9xico.<\/p>\n","protected":false},"author":129,"featured_media":516923,"comment_status":"closed","ping_status":"closed","sticky":false,"template":"","format":"standard","meta":[],"categories":[2198,3845],"tags":[5959,5564,3883,64,7469,114,5973],"_links":{"self":[{"href":"http:\/\/desarrollo.grupomedios.com\/futbol\/wp-json\/wp\/v2\/posts\/516919"}],"collection":[{"href":"http:\/\/desarrollo.grupomedios.com\/futbol\/wp-json\/wp\/v2\/posts"}],"about":[{"href":"http:\/\/desarrollo.grupomedios.com\/futbol\/wp-json\/wp\/v2\/types\/post"}],"author":[{"embeddable":true,"href":"http:\/\/desarrollo.grupomedios.com\/futbol\/wp-json\/wp\/v2\/users\/129"}],"replies":[{"embeddable":true,"href":"http:\/\/desarrollo.grupomedios.com\/futbol\/wp-json\/wp\/v2\/comments?post=516919"}],"version-history":[{"count":1,"href":"http:\/\/desarrollo.grupomedios.com\/futbol\/wp-json\/wp\/v2\/posts\/516919\/revisions"}],"predecessor-version":[{"id":516924,"href":"http:\/\/desarrollo.grupomedios.com\/futbol\/wp-json\/wp\/v2\/posts\/516919\/revisions\/516924"}],"wp:featuredmedia":[{"embeddable":true,"href":"http:\/\/desarrollo.grupomedios.com\/futbol\/wp-json\/wp\/v2\/media\/516923"}],"wp:attachment":[{"href":"http:\/\/desarrollo.grupomedios.com\/futbol\/wp-json\/wp\/v2\/media?parent=516919"}],"wp:term":[{"taxonomy":"category","embeddable":true,"href":"http:\/\/desarrollo.grupomedios.com\/futbol\/wp-json\/wp\/v2\/categories?post=516919"},{"taxonomy":"post_tag","embeddable":true,"href":"http:\/\/desarrollo.grupomedios.com\/futbol\/wp-json\/wp\/v2\/tags?post=516919"}],"curies":[{"name":"wp","href":"https:\/\/api.w.org\/{rel}","templated":true}]}}