{"id":516943,"date":"2018-02-06T19:34:02","date_gmt":"2018-02-07T01:34:02","guid":{"rendered":"https:\/\/www.futboltotal.com.mx\/?p=516943"},"modified":"2018-02-07T22:33:43","modified_gmt":"2018-02-08T04:33:43","slug":"toluca-vs-santos-copa-mx-en-vivo-minuto-a-minuto","status":"publish","type":"post","link":"http:\/\/desarrollo.grupomedios.com\/futbol\/futbol-mexicano\/toluca-vs-santos-copa-mx-en-vivo-minuto-a-minuto\/2018\/02","title":{"rendered":"Toluca vs Santos | Copa MX | EN VIVO: Minuto a minuto"},"content":{"rendered":"<p>Los <strong>Diablos Rojos del Toluca<\/strong> reciben la visita de <strong>Santos Laguna<\/strong> en el duelo que abre la jornada de mi\u00e9rcoles de la <strong>Copa MX<\/strong>.<\/p>\n<iframe src=\"https:\/\/en-vivo.futboltotal.com.mx\/embed.php\/?id=557\" width=\"100%\" id=\"frame_minuto\"><\/iframe>\n<p>Los choriceros no han tenido la mejor participaci\u00f3n en esta edici\u00f3n de la Copa y para poder tener una posibilidad de acceder a la siguiente fase.<\/p>\n<p>Mientras que Santos Laguna ha tenido una gran primera parte de la justa copera y un triunfo de visita en el Nemesio Diez le dar\u00eda pr\u00e1cticamente la calificaci\u00f3n.<\/p>\n<p><strong>\u00a1NO TE PIERDAS EL MINUTO A MINUTO DEL TOLUCA VS SANTOS EN PUNTO DE LAS 20:30 HORAS!<\/strong><\/p>\n","protected":false},"excerpt":{"rendered":"<p>Los laguneros buscan su pase a octavos de final<\/p>\n","protected":false},"author":160,"featured_media":516947,"comment_status":"closed","ping_status":"closed","sticky":false,"template":"","format":"standard","meta":[],"categories":[4247,2198,3845],"tags":[285,5972,5975],"_links":{"self":[{"href":"http:\/\/desarrollo.grupomedios.com\/futbol\/wp-json\/wp\/v2\/posts\/516943"}],"collection":[{"href":"http:\/\/desarrollo.grupomedios.com\/futbol\/wp-json\/wp\/v2\/posts"}],"about":[{"href":"http:\/\/desarrollo.grupomedios.com\/futbol\/wp-json\/wp\/v2\/types\/post"}],"author":[{"embeddable":true,"href":"http:\/\/desarrollo.grupomedios.com\/futbol\/wp-json\/wp\/v2\/users\/160"}],"replies":[{"embeddable":true,"href":"http:\/\/desarrollo.grupomedios.com\/futbol\/wp-json\/wp\/v2\/comments?post=516943"}],"version-history":[{"count":1,"href":"http:\/\/desarrollo.grupomedios.com\/futbol\/wp-json\/wp\/v2\/posts\/516943\/revisions"}],"predecessor-version":[{"id":516948,"href":"http:\/\/desarrollo.grupomedios.com\/futbol\/wp-json\/wp\/v2\/posts\/516943\/revisions\/516948"}],"wp:featuredmedia":[{"embeddable":true,"href":"http:\/\/desarrollo.grupomedios.com\/futbol\/wp-json\/wp\/v2\/media\/516947"}],"wp:attachment":[{"href":"http:\/\/desarrollo.grupomedios.com\/futbol\/wp-json\/wp\/v2\/media?parent=516943"}],"wp:term":[{"taxonomy":"category","embeddable":true,"href":"http:\/\/desarrollo.grupomedios.com\/futbol\/wp-json\/wp\/v2\/categories?post=516943"},{"taxonomy":"post_tag","embeddable":true,"href":"http:\/\/desarrollo.grupomedios.com\/futbol\/wp-json\/wp\/v2\/tags?post=516943"}],"curies":[{"name":"wp","href":"https:\/\/api.w.org\/{rel}","templated":true}]}}