{"id":516949,"date":"2018-02-06T19:35:07","date_gmt":"2018-02-07T01:35:07","guid":{"rendered":"https:\/\/www.futboltotal.com.mx\/?p=516949"},"modified":"2018-02-07T22:57:21","modified_gmt":"2018-02-08T04:57:21","slug":"puebla-vs-cruz-azul-copa-mx-en-vivo-minuto-a-minuto","status":"publish","type":"post","link":"http:\/\/desarrollo.grupomedios.com\/futbol\/futbol-mexicano\/puebla-vs-cruz-azul-copa-mx-en-vivo-minuto-a-minuto\/2018\/02","title":{"rendered":"Puebla vs Cruz Azul | Copa MX | EN VIVO: Minuto a minuto"},"content":{"rendered":"<p>La <strong>Franja del Puebla<\/strong> reciben la visita de la <strong>M\u00e1quina Celeste de Cruz Azul<\/strong> en el duelo que cierra la Jornada 4 de la <strong>Copa MX<\/strong>.<\/p>\n<iframe src=\"https:\/\/en-vivo.futboltotal.com.mx\/embed.php\/?id=558\" width=\"100%\" id=\"frame_minuto\"><\/iframe>\n<p>\u00a1Qu\u00e9 dif\u00edcil situaci\u00f3n para la M\u00e1quina de Caixinha! El portugu\u00e9s est\u00e1 ante la oportunidad de su primer fracaso con los cementeros si no es capaz de sacar la victoria del estadio Cuauht\u00e9moc.<\/p>\n<p>Cruz Azul perdi\u00f3 sus primeros dos partidos de la justa copera y necesita ganar ambos duelos para pensar en unos eventuales octavos.<\/p>\n<p>La Franja ha mostrado buen nivel en Liga y en Copa MX, y por ahora se mantienen l\u00edderes de grupo, con lo que una victoria podr\u00eda calificarlos.<\/p>\n<p><strong>\u00a1NO TE PIERDAS EL MINUTO A MINUTO DEL PUEBLA VS CRUZ AZUL EN PUNTO DE LAS 21 HORAS!<\/strong><\/p>\n","protected":false},"excerpt":{"rendered":"<p>La Franja con un triunfo eliminar\u00eda a la M\u00e1quina<\/p>\n","protected":false},"author":160,"featured_media":516952,"comment_status":"closed","ping_status":"closed","sticky":false,"template":"","format":"standard","meta":[],"categories":[4247,2198,3845],"tags":[285,5962,5969],"_links":{"self":[{"href":"http:\/\/desarrollo.grupomedios.com\/futbol\/wp-json\/wp\/v2\/posts\/516949"}],"collection":[{"href":"http:\/\/desarrollo.grupomedios.com\/futbol\/wp-json\/wp\/v2\/posts"}],"about":[{"href":"http:\/\/desarrollo.grupomedios.com\/futbol\/wp-json\/wp\/v2\/types\/post"}],"author":[{"embeddable":true,"href":"http:\/\/desarrollo.grupomedios.com\/futbol\/wp-json\/wp\/v2\/users\/160"}],"replies":[{"embeddable":true,"href":"http:\/\/desarrollo.grupomedios.com\/futbol\/wp-json\/wp\/v2\/comments?post=516949"}],"version-history":[{"count":2,"href":"http:\/\/desarrollo.grupomedios.com\/futbol\/wp-json\/wp\/v2\/posts\/516949\/revisions"}],"predecessor-version":[{"id":516954,"href":"http:\/\/desarrollo.grupomedios.com\/futbol\/wp-json\/wp\/v2\/posts\/516949\/revisions\/516954"}],"wp:featuredmedia":[{"embeddable":true,"href":"http:\/\/desarrollo.grupomedios.com\/futbol\/wp-json\/wp\/v2\/media\/516952"}],"wp:attachment":[{"href":"http:\/\/desarrollo.grupomedios.com\/futbol\/wp-json\/wp\/v2\/media?parent=516949"}],"wp:term":[{"taxonomy":"category","embeddable":true,"href":"http:\/\/desarrollo.grupomedios.com\/futbol\/wp-json\/wp\/v2\/categories?post=516949"},{"taxonomy":"post_tag","embeddable":true,"href":"http:\/\/desarrollo.grupomedios.com\/futbol\/wp-json\/wp\/v2\/tags?post=516949"}],"curies":[{"name":"wp","href":"https:\/\/api.w.org\/{rel}","templated":true}]}}