{"id":516955,"date":"2018-02-07T16:04:37","date_gmt":"2018-02-07T22:04:37","guid":{"rendered":"https:\/\/www.futboltotal.com.mx\/?p=516955"},"modified":"2018-02-07T16:04:37","modified_gmt":"2018-02-07T22:04:37","slug":"quien-mete-los-goles-en-cruz-azul","status":"publish","type":"post","link":"http:\/\/desarrollo.grupomedios.com\/futbol\/futbol-mexicano\/quien-mete-los-goles-en-cruz-azul\/2018\/02","title":{"rendered":"\u00bfQui\u00e9n mete los goles en Cruz Azul?"},"content":{"rendered":"<p>La situaci\u00f3n que vive actualmente <em>la M\u00e1quina<\/em> es una de las m\u00e1s precarias que ha tenido en los \u00faltimos a\u00f1os.<\/p>\n<p>Seis goles en siete partidos es lo que ha logrado anotar <strong>Cruz Azul<\/strong> entre los juegos de <strong>Liga y Copa MX<\/strong>, lo cual le ha significado un total de seis puntos de 21 posibles.<\/p>\n<p><strong>Felipe Mora<\/strong>, el &#8216;9&#8217; de la M\u00e1quina es el \u00fanico que ha podido sacar de forma t\u00edmida la cara con sus tres goles en cinco partidos del Torneo Clausura 2018. En Copa a\u00fan no tiene anotaciones.<\/p>\n<p style=\"text-align: center;\"><span style=\"color: #333399;\"><a href=\"https:\/\/www.futboltotal.com.mx\/futbol-mexicano\/puebla-vs-cruz-azul-copa-mx-en-vivo-minuto-a-minuto\/2018\/02\">VER M\u00c1S:\u00a0<span class=\"item-title\">Puebla vs Cruz Azul | Copa MX | EN VIVO: Minuto a minuto<\/span><\/a><\/span><\/p>\n<p><strong>Carlos Fierro, Rafael Baca y Jordan Silva<\/strong> son los unicos jugadores que llevan un gol en alguna de las dos competiciones y que en los casos de Fierro y Silva no pudieron contabilizar en la b\u00fasqueda de puntos.<\/p>\n<p>Dif\u00edcil situaci\u00f3n es la que encara el entrenador portugu\u00e9s <strong>Pedro Caixinha<\/strong>, que no ha podido darle esa explosividad a su equipo para ser una escuadra goleadora con nombres como Mora, Fierro, Walter Montoya o Mart\u00edn Cauteruccio, quien regres\u00f3 hace poco tras una lesi\u00f3n.<\/p>\n<p>&nbsp;<\/p>\n<p>&nbsp;<\/p>\n","protected":false},"excerpt":{"rendered":"<p>La M\u00e1quina vive uno de sus momentos m\u00e1s complejos en la ofensiva<\/p>\n","protected":false},"author":160,"featured_media":516965,"comment_status":"closed","ping_status":"closed","sticky":false,"template":"","format":"standard","meta":[],"categories":[4247,2198,3845],"tags":[1615,5962,8835,9111,1583,1968,11390,11333],"_links":{"self":[{"href":"http:\/\/desarrollo.grupomedios.com\/futbol\/wp-json\/wp\/v2\/posts\/516955"}],"collection":[{"href":"http:\/\/desarrollo.grupomedios.com\/futbol\/wp-json\/wp\/v2\/posts"}],"about":[{"href":"http:\/\/desarrollo.grupomedios.com\/futbol\/wp-json\/wp\/v2\/types\/post"}],"author":[{"embeddable":true,"href":"http:\/\/desarrollo.grupomedios.com\/futbol\/wp-json\/wp\/v2\/users\/160"}],"replies":[{"embeddable":true,"href":"http:\/\/desarrollo.grupomedios.com\/futbol\/wp-json\/wp\/v2\/comments?post=516955"}],"version-history":[{"count":1,"href":"http:\/\/desarrollo.grupomedios.com\/futbol\/wp-json\/wp\/v2\/posts\/516955\/revisions"}],"predecessor-version":[{"id":516966,"href":"http:\/\/desarrollo.grupomedios.com\/futbol\/wp-json\/wp\/v2\/posts\/516955\/revisions\/516966"}],"wp:featuredmedia":[{"embeddable":true,"href":"http:\/\/desarrollo.grupomedios.com\/futbol\/wp-json\/wp\/v2\/media\/516965"}],"wp:attachment":[{"href":"http:\/\/desarrollo.grupomedios.com\/futbol\/wp-json\/wp\/v2\/media?parent=516955"}],"wp:term":[{"taxonomy":"category","embeddable":true,"href":"http:\/\/desarrollo.grupomedios.com\/futbol\/wp-json\/wp\/v2\/categories?post=516955"},{"taxonomy":"post_tag","embeddable":true,"href":"http:\/\/desarrollo.grupomedios.com\/futbol\/wp-json\/wp\/v2\/tags?post=516955"}],"curies":[{"name":"wp","href":"https:\/\/api.w.org\/{rel}","templated":true}]}}