{"id":516960,"date":"2018-02-07T16:18:45","date_gmt":"2018-02-07T22:18:45","guid":{"rendered":"https:\/\/www.futboltotal.com.mx\/?p=516960"},"modified":"2018-02-07T16:18:45","modified_gmt":"2018-02-07T22:18:45","slug":"caso-lucas-zelarayan-esta-cerrado-saldra-tigres","status":"publish","type":"post","link":"http:\/\/desarrollo.grupomedios.com\/futbol\/futbol-mexicano\/caso-lucas-zelarayan-esta-cerrado-saldra-tigres\/2018\/02","title":{"rendered":"Caso Lucas Zelaray\u00e1n est\u00e1 cerrado, no saldr\u00e1 de Tigres"},"content":{"rendered":"<p>El caso de <strong>Lucas Zelaray\u00e1n<\/strong> en <a href=\"https:\/\/www.futboltotal.com.mx\/futbol-mexicano\/liga-mx\/7-petardos-jugaron-en-tigres-grande\/2018\/02\" target=\"_blank\" rel=\"noopener\"><strong>Tigres UANL<\/strong><\/a> ha quedado cerrado, el mediocampista argentino no saldr\u00e1 de la instituci\u00f3n y menos a cambio de un pr\u00e9stamo, as\u00ed lo anunci\u00f3 el delegado deportivo del equipo Felino,\u00a0<strong>Miguel \u00c1ngel Garza<\/strong>, quien expres\u00f3 tajantemente que\u00a0<strong>&#8220;no hay absolutamente nada&#8221;<\/strong>.<\/p>\n<p>De igual forma el presidente de Tigres, <strong>Alejandro Rodr\u00edguez<\/strong>, confirm\u00f3 el mismo discurso que dijo el delegado, argumentando que el futbolista &#8216;8&#8217; de la UANL no saldr\u00e1 a pr\u00e9stamo para <strong>Santos de Brasil<\/strong>, la \u00fanica opci\u00f3n real que ten\u00eda el argentino para salir no es viable para el club pues no ser\u00eda un esquema atractivo.<\/p>\n<p style=\"text-align: center;\"><a href=\"https:\/\/www.futboltotal.com.mx\/futbol-mexicano\/liga-mx\/futbolistas-podrian-siguiente-bombazo-europeo-la-liga-mx\/2018\/02\">VER M\u00c1S: Futbolistas que podr\u00edan ser \u2018bombazo europeo\u2019 de la Liga MX<\/a><\/p>\n<p>&#8220;Algunos clubes de Am\u00e9rica del Sur quisieron el Zelaray\u00e1n. Lucas es un jugador importante. \u00c9l expres\u00f3 su deseo de participar del equipo y eso me anima. \u00c9l quiere seguir creciendo.<mark> La \u00fanica opci\u00f3n que queda es el Santos, pero ellos pretenden un pr\u00e9stamo con opci\u00f3n de compra. Es muy dif\u00edcil conseguir un pr\u00e9stamo de un jugador de tanta calidad.<\/mark> Como es el \u00fanico esquema ofrecido (por Santos), \u00e9l seguir\u00e1 en los Tigres &#8220;, asegur\u00f3 Rodr\u00edguez.<\/p>\n<p>El futbolista tiene muy complicado ganarse la titularidad por la competencia interna que existe en el conjunto de Nuevo Le\u00f3n no tendr\u00eda minutos en la liga, ser\u00eda hasta que comience la <strong>Liga de Campeones de la Concacaf<\/strong> que podr\u00eda convertirse en un elemento importante y que tome el estandarte.<\/p>\n<p style=\"text-align: center;\"><a href=\"https:\/\/www.futboltotal.com.mx\/copa-mundial-de-futbol-2018\/noticias\/fantastico-jersey-nigeria-rusia-2018\">VER M\u00c1S: LEl fant\u00e1stico jersey de Nigeria para Rusia 2018<\/a><\/p>\n","protected":false},"excerpt":{"rendered":"<p>El argentino no saldr\u00e1 del equipo Felino, pues de ninguna manera dejar\u00e1n que se marche a pr\u00e9stamo<\/p>\n","protected":false},"author":159,"featured_media":514884,"comment_status":"closed","ping_status":"closed","sticky":false,"template":"","format":"standard","meta":[],"categories":[2198,3845],"tags":[9028,64,8084,375,570],"_links":{"self":[{"href":"http:\/\/desarrollo.grupomedios.com\/futbol\/wp-json\/wp\/v2\/posts\/516960"}],"collection":[{"href":"http:\/\/desarrollo.grupomedios.com\/futbol\/wp-json\/wp\/v2\/posts"}],"about":[{"href":"http:\/\/desarrollo.grupomedios.com\/futbol\/wp-json\/wp\/v2\/types\/post"}],"author":[{"embeddable":true,"href":"http:\/\/desarrollo.grupomedios.com\/futbol\/wp-json\/wp\/v2\/users\/159"}],"replies":[{"embeddable":true,"href":"http:\/\/desarrollo.grupomedios.com\/futbol\/wp-json\/wp\/v2\/comments?post=516960"}],"version-history":[{"count":1,"href":"http:\/\/desarrollo.grupomedios.com\/futbol\/wp-json\/wp\/v2\/posts\/516960\/revisions"}],"predecessor-version":[{"id":516968,"href":"http:\/\/desarrollo.grupomedios.com\/futbol\/wp-json\/wp\/v2\/posts\/516960\/revisions\/516968"}],"wp:featuredmedia":[{"embeddable":true,"href":"http:\/\/desarrollo.grupomedios.com\/futbol\/wp-json\/wp\/v2\/media\/514884"}],"wp:attachment":[{"href":"http:\/\/desarrollo.grupomedios.com\/futbol\/wp-json\/wp\/v2\/media?parent=516960"}],"wp:term":[{"taxonomy":"category","embeddable":true,"href":"http:\/\/desarrollo.grupomedios.com\/futbol\/wp-json\/wp\/v2\/categories?post=516960"},{"taxonomy":"post_tag","embeddable":true,"href":"http:\/\/desarrollo.grupomedios.com\/futbol\/wp-json\/wp\/v2\/tags?post=516960"}],"curies":[{"name":"wp","href":"https:\/\/api.w.org\/{rel}","templated":true}]}}