{"id":516991,"date":"2018-02-07T22:55:55","date_gmt":"2018-02-08T04:55:55","guid":{"rendered":"https:\/\/www.futboltotal.com.mx\/?p=516991"},"modified":"2018-02-07T22:55:55","modified_gmt":"2018-02-08T04:55:55","slug":"cruz-azul-revive-en-la-copa-mx-triunfo-puebla","status":"publish","type":"post","link":"http:\/\/desarrollo.grupomedios.com\/futbol\/destacado-home\/cruz-azul-revive-en-la-copa-mx-triunfo-puebla\/2018\/02","title":{"rendered":"\u00a1Cruz Azul revive en la Copa MX con triunfo sobre Puebla!"},"content":{"rendered":"<p>\u00a1Por fin! La <strong>M\u00e1quina Celeste de Cruz Azul<\/strong> logr\u00f3 el triunfo en un partido donde todo se pintaba adverso y se meti\u00f3 de lleno a la disputa por el pase a los octavos de final de la <strong>Copa MX<\/strong>.<\/p>\n<p>Un golazo de otro partido de Mart\u00edn Rodr\u00edguez abri\u00f3 las hostilidades para que la M\u00e1quina derrotara 2-0 a la <strong>Franja del Puebla<\/strong> y se meta a la disputa por el pase a la siguiente fase.<\/p>\n<p>Despu\u00e9s de un primer tiempo con muy pocas emociones, la M\u00e1quina sali\u00f3 en el segundo lapso con m\u00e1s arresto para atacar y logr\u00f3 su cometido al minuto 55.<\/p>\n<p style=\"text-align: center;\"><a href=\"https:\/\/www.futboltotal.com.mx\/destacado-home\/toluca-2-santos-0-clausura-2018-resumen\/2018\/02\">VER M\u00c1S:\u00a0<span class=\"item-title\">Toluca vence a Santos y se mete en la pelea por los octavos<\/span><\/a><\/p>\n<p>\u00bfFue tiro o centro? Nadie lo sabr\u00e1, s\u00f3lo <strong>Mart\u00edn Rodr\u00edguez<\/strong> que sac\u00f3 un derechazo desde banda izquierda que se le fue por encima al arquero <strong>Nicolas Vikonis<\/strong> y fue el 0-1 en el marcador.<\/p>\n<blockquote class=\"twitter-tweet\" data-partner=\"tweetdeck\">\n<p dir=\"ltr\" lang=\"es\"><a href=\"https:\/\/twitter.com\/hashtag\/NoTeLoPierdas?src=hash&amp;ref_src=twsrc%5Etfw\">#NoTeLoPierdas<\/a>G\u26bd\u26bd\u26bdL de <a href=\"https:\/\/twitter.com\/Cruz_Azul_FC?ref_src=twsrc%5Etfw\">@Cruz_Azul_FC<\/a> Mart\u00edn Rodriguez anota el primer tanto del encuentro y pone el 0-1 sobre <a href=\"https:\/\/twitter.com\/ClubPueblaMX?ref_src=twsrc%5Etfw\">@ClubPueblaMX<\/a> al 54 <a href=\"https:\/\/twitter.com\/hashtag\/Jornada4?src=hash&amp;ref_src=twsrc%5Etfw\">#Jornada4<\/a> de la <a href=\"https:\/\/twitter.com\/hashtag\/CopaCoronaMX?src=hash&amp;ref_src=twsrc%5Etfw\">#CopaCoronaMX<\/a> &#x1f3c6; <a href=\"https:\/\/twitter.com\/hashtag\/Clausura2018?src=hash&amp;ref_src=twsrc%5Etfw\">#Clausura2018<\/a>\u26bd <a href=\"https:\/\/twitter.com\/hashtag\/SienteTuLiga?src=hash&amp;ref_src=twsrc%5Etfw\">#SienteTuLiga<\/a> \u26bd <a href=\"https:\/\/twitter.com\/hashtag\/Mi%C3%A9rcolesDeFut?src=hash&amp;ref_src=twsrc%5Etfw\">#Mi\u00e9rcolesDeFut<\/a> <a href=\"https:\/\/t.co\/v5QfjqC768\">pic.twitter.com\/v5QfjqC768<\/a><\/p>\n<p>\u2014 #CopaCoronaMX (@CopaCoronaMx) <a href=\"https:\/\/twitter.com\/CopaCoronaMx\/status\/961454095876984834?ref_src=twsrc%5Etfw\">February 8, 2018<\/a><\/p><\/blockquote>\n<p><script async src=\"https:\/\/platform.twitter.com\/widgets.js\" charset=\"utf-8\"><\/script><\/p>\n<p>Puebla no se recuperaba del golpe de la anotaci\u00f3n, cuando recibi\u00f3 el segundo gol por medio del espa\u00f1ol <strong>Edgar M\u00e9ndez<\/strong>, quien rob\u00f3 un bal\u00f3n y entr\u00f3 por banda derecha para definir a la salida del arquero poblano y poner el 0-2 final.<\/p>\n<blockquote class=\"twitter-tweet\" data-partner=\"tweetdeck\">\n<p dir=\"ltr\" lang=\"es\"><a href=\"https:\/\/twitter.com\/hashtag\/NoTeLoPierdas?src=hash&amp;ref_src=twsrc%5Etfw\">#NoTeLoPierdas<\/a>G\u26bd\u26bd\u26bdL de <a href=\"https:\/\/twitter.com\/Cruz_Azul_FC?ref_src=twsrc%5Etfw\">@Cruz_Azul_FC<\/a> de esta manera Edgar Mendez al 57 ampl\u00eda la ventaja a 2-0 sobre <a href=\"https:\/\/twitter.com\/ClubPueblaMX?ref_src=twsrc%5Etfw\">@ClubPueblaMX<\/a> en la <a href=\"https:\/\/twitter.com\/hashtag\/Jornada4?src=hash&amp;ref_src=twsrc%5Etfw\">#Jornada4<\/a> de la <a href=\"https:\/\/twitter.com\/hashtag\/CopaCoronaMX?src=hash&amp;ref_src=twsrc%5Etfw\">#CopaCoronaMX<\/a> &#x1f3c6; <a href=\"https:\/\/twitter.com\/hashtag\/Clausura2018?src=hash&amp;ref_src=twsrc%5Etfw\">#Clausura2018<\/a>\u26bd <a href=\"https:\/\/twitter.com\/hashtag\/SienteTuLiga?src=hash&amp;ref_src=twsrc%5Etfw\">#SienteTuLiga<\/a> \u26bd <a href=\"https:\/\/twitter.com\/hashtag\/Mi%C3%A9rcolesDeFut?src=hash&amp;ref_src=twsrc%5Etfw\">#Mi\u00e9rcolesDeFut<\/a> <a href=\"https:\/\/t.co\/ypAJljKK0G\">pic.twitter.com\/ypAJljKK0G<\/a><\/p>\n<p>\u2014 #CopaCoronaMX (@CopaCoronaMx) <a href=\"https:\/\/twitter.com\/CopaCoronaMx\/status\/961454866693607427?ref_src=twsrc%5Etfw\">February 8, 2018<\/a><\/p><\/blockquote>\n<p><script async src=\"https:\/\/platform.twitter.com\/widgets.js\" charset=\"utf-8\"><\/script><br \/>\nPuebla se qued\u00f3 con <strong>cuatro unidades<\/strong>, mientras que Cruz Azul logr\u00f3 sus <strong>primeros tres puntos<\/strong> y sigue en la pelea del <strong>Grupo 2 de la Copa MX<\/strong>.<\/p>\n","protected":false},"excerpt":{"rendered":"<p>La M\u00e1quina logr\u00f3 su primera victoria en la justa copera<\/p>\n","protected":false},"author":160,"featured_media":516992,"comment_status":"closed","ping_status":"closed","sticky":false,"template":"","format":"standard","meta":[],"categories":[4247,5,2198,3845],"tags":[285,5962,5969],"_links":{"self":[{"href":"http:\/\/desarrollo.grupomedios.com\/futbol\/wp-json\/wp\/v2\/posts\/516991"}],"collection":[{"href":"http:\/\/desarrollo.grupomedios.com\/futbol\/wp-json\/wp\/v2\/posts"}],"about":[{"href":"http:\/\/desarrollo.grupomedios.com\/futbol\/wp-json\/wp\/v2\/types\/post"}],"author":[{"embeddable":true,"href":"http:\/\/desarrollo.grupomedios.com\/futbol\/wp-json\/wp\/v2\/users\/160"}],"replies":[{"embeddable":true,"href":"http:\/\/desarrollo.grupomedios.com\/futbol\/wp-json\/wp\/v2\/comments?post=516991"}],"version-history":[{"count":2,"href":"http:\/\/desarrollo.grupomedios.com\/futbol\/wp-json\/wp\/v2\/posts\/516991\/revisions"}],"predecessor-version":[{"id":516994,"href":"http:\/\/desarrollo.grupomedios.com\/futbol\/wp-json\/wp\/v2\/posts\/516991\/revisions\/516994"}],"wp:featuredmedia":[{"embeddable":true,"href":"http:\/\/desarrollo.grupomedios.com\/futbol\/wp-json\/wp\/v2\/media\/516992"}],"wp:attachment":[{"href":"http:\/\/desarrollo.grupomedios.com\/futbol\/wp-json\/wp\/v2\/media?parent=516991"}],"wp:term":[{"taxonomy":"category","embeddable":true,"href":"http:\/\/desarrollo.grupomedios.com\/futbol\/wp-json\/wp\/v2\/categories?post=516991"},{"taxonomy":"post_tag","embeddable":true,"href":"http:\/\/desarrollo.grupomedios.com\/futbol\/wp-json\/wp\/v2\/tags?post=516991"}],"curies":[{"name":"wp","href":"https:\/\/api.w.org\/{rel}","templated":true}]}}