{"id":516998,"date":"2018-02-08T08:49:42","date_gmt":"2018-02-08T14:49:42","guid":{"rendered":"https:\/\/www.futboltotal.com.mx\/?p=516998"},"modified":"2018-02-08T08:49:42","modified_gmt":"2018-02-08T14:49:42","slug":"hector-moreno-en-condiciones-jugar-real-sociedad","status":"publish","type":"post","link":"http:\/\/desarrollo.grupomedios.com\/futbol\/futbol-internacional\/hector-moreno-en-condiciones-jugar-real-sociedad\/2018\/02","title":{"rendered":"H\u00e9ctor Moreno, en condiciones de jugar con Real Sociedad"},"content":{"rendered":"<p>El defensa mexicano de la <strong>Real Sociedad<\/strong> <strong>H\u00e9ctor Moreno<\/strong> est\u00e1 en condiciones de debutar con su nueva camiseta este s\u00e1bado ante el <strong>Real Madrid<\/strong>, equipo al que nunca ha ganado en sus ocho partidos que jug\u00f3 en su etapa en el <strong>Espanyol<\/strong>.<\/p>\n<p>El entrenador realista, <strong>Eusebio Sacrist\u00e1n<\/strong>, equilibra efectivos para este encuentro tras la marcha de<strong> \u00cd\u00f1igo Mart\u00ednez<\/strong> y el fichaje de Moreno en v\u00edsperas de la anterior jornada de Liga.<\/p>\n<p style=\"text-align: center;\"><span style=\"color: #3366ff;\"><a href=\"https:\/\/www.futboltotal.com.mx\/futbol-mexicano\/copa-mx\/cruz-azul-revive-en-la-copa-mx-triunfo-puebla\/2018\/02\">VER M\u00c1S: \u00a1Cruz Azul revive en la Copa MX con triunfo sobre Puebla!<\/a><\/span><\/p>\n<blockquote class=\"twitter-tweet\" data-data-dnt=\"true\">\n<p lang=\"es\" dir=\"ltr\">\ud83d\udc55 \u00bfCu\u00e1ntas preguntas eres capaz de acertar? \ud83e\udd28 \u00a1Participa y gana la camiseta de <a href=\"https:\/\/twitter.com\/HectorMorenoh?ref_src=twsrc%5Etfw\">@HectorMorenoh<\/a>! <a href=\"https:\/\/twitter.com\/hashtag\/RealSociedad?src=hash&amp;ref_src=twsrc%5Etfw\">#RealSociedad<\/a> \u2b07\ufe0f<a href=\"https:\/\/t.co\/2NBEWXeHka\">https:\/\/t.co\/2NBEWXeHka<\/a><\/p>\n<p>&mdash; Real Sociedad F\u00fatbol (@RealSociedad) <a href=\"https:\/\/twitter.com\/RealSociedad\/status\/961600692178874368?ref_src=twsrc%5Etfw\">February 8, 2018<\/a><\/p><\/blockquote>\n<p><script async src=\"https:\/\/platform.twitter.com\/widgets.js\" charset=\"utf-8\"><\/script><\/p>\n<p>El mexicano se ha entrenado con normalidad en todas las sesiones y por tanto est\u00e1 en disposici\u00f3n de entrar en la convocatoria que ma\u00f1ana dar\u00e1 a conocer el t\u00e9cnico vallisoletano.<\/p>\n<p>H\u00e9ctor Moreno no tiene un buen recuerdo del conjunto blanco, ante el que se enfrent\u00f3 en ocho oportunidades entre 2011 y 2015 cuando defend\u00eda los intereses del <strong>Espanyol<\/strong>, equipo que encaj\u00f3 22 goles en esos partidos que perdi\u00f3 en su totalidad. EFE<\/p>\n","protected":false},"excerpt":{"rendered":"<p>El mexicano nunca ha podido vencer a los Merengues.<\/p>\n","protected":false},"author":129,"featured_media":517000,"comment_status":"closed","ping_status":"closed","sticky":false,"template":"","format":"standard","meta":[],"categories":[3839,3844],"tags":[11738,6114,1913,102],"_links":{"self":[{"href":"http:\/\/desarrollo.grupomedios.com\/futbol\/wp-json\/wp\/v2\/posts\/516998"}],"collection":[{"href":"http:\/\/desarrollo.grupomedios.com\/futbol\/wp-json\/wp\/v2\/posts"}],"about":[{"href":"http:\/\/desarrollo.grupomedios.com\/futbol\/wp-json\/wp\/v2\/types\/post"}],"author":[{"embeddable":true,"href":"http:\/\/desarrollo.grupomedios.com\/futbol\/wp-json\/wp\/v2\/users\/129"}],"replies":[{"embeddable":true,"href":"http:\/\/desarrollo.grupomedios.com\/futbol\/wp-json\/wp\/v2\/comments?post=516998"}],"version-history":[{"count":1,"href":"http:\/\/desarrollo.grupomedios.com\/futbol\/wp-json\/wp\/v2\/posts\/516998\/revisions"}],"predecessor-version":[{"id":517001,"href":"http:\/\/desarrollo.grupomedios.com\/futbol\/wp-json\/wp\/v2\/posts\/516998\/revisions\/517001"}],"wp:featuredmedia":[{"embeddable":true,"href":"http:\/\/desarrollo.grupomedios.com\/futbol\/wp-json\/wp\/v2\/media\/517000"}],"wp:attachment":[{"href":"http:\/\/desarrollo.grupomedios.com\/futbol\/wp-json\/wp\/v2\/media?parent=516998"}],"wp:term":[{"taxonomy":"category","embeddable":true,"href":"http:\/\/desarrollo.grupomedios.com\/futbol\/wp-json\/wp\/v2\/categories?post=516998"},{"taxonomy":"post_tag","embeddable":true,"href":"http:\/\/desarrollo.grupomedios.com\/futbol\/wp-json\/wp\/v2\/tags?post=516998"}],"curies":[{"name":"wp","href":"https:\/\/api.w.org\/{rel}","templated":true}]}}