{"id":517020,"date":"2018-02-08T12:34:13","date_gmt":"2018-02-08T18:34:13","guid":{"rendered":"https:\/\/www.futboltotal.com.mx\/?p=517020"},"modified":"2018-02-08T12:34:13","modified_gmt":"2018-02-08T18:34:13","slug":"racismo-en-futbol-ingles-crecio-en-75","status":"publish","type":"post","link":"http:\/\/desarrollo.grupomedios.com\/futbol\/futbol-internacional\/racismo-en-futbol-ingles-crecio-en-75\/2018\/02","title":{"rendered":"Los casos de racismo en el f\u00fatbol ingl\u00e9s crecieron en un 75%"},"content":{"rendered":"<p><mark>Los incidentes relacionados con el racismo y la homofobia en el f\u00fatbol ingl\u00e9s siguen en aumento.<\/mark> Seg\u00fan un informe de la organizaci\u00f3n <strong><em>Kick It out,<\/em> <\/strong>en el pa\u00eds brit\u00e1nico se estableci\u00f3 un aumento significativo en la primera mitad de la actual temporada.<\/p>\n<p>M\u00e1s de 300 denuncias sobre 282 casos de discriminaci\u00f3n han sido registradas por el organismo antes del final del a\u00f1o 2017, cuando un a\u00f1o antes la cifra alcanzaba los 177 incidentes. Ese incremento es m\u00e1s notorio en el \u00e1mbito profesional, ya que 131 de los 282 casos tuvieron lugar en las cuatro primeras divisiones del pa\u00eds brit\u00e1nico, <mark>lo que supone un aumento del<strong> 75%.<\/strong><\/mark><\/p>\n<p style=\"text-align: center;\"><a href=\"https:\/\/www.futboltotal.com.mx\/futbol-internacional\/liga-de-inglaterra\/oficial-patrice-evra-nuevo-companero-chicharito\/2018\/02\">VER M\u00c1S: OFICIAL: Patrice Evra es nuevo compa\u00f1ero de Chicharito<\/a><\/p>\n<p><em>&#8220;Sabemos hasta d\u00f3nde ha llegado el f\u00fatbol en este tema, pero tambi\u00e9n somos conscientes de cu\u00e1nto trabajo queda por hacer&#8221;\u00a0<\/em>dijo<strong> Rosin Wood,<\/strong> directora del organismo. Entre los incidentes registrados, m\u00e1s de la mitad corresponden a casos de racismo, uno de cada cinco se refiere a hechos de homofobia y uno de cada diez a casos de antisemitismo.<\/p>\n<p>Algunos clubes de la <strong>Premier Leagu<\/strong>e han sido v\u00edctimas de este tipo de actos de discriminaci\u00f3n. Varios aficionados del <strong>Chelsea<\/strong> fueron acusados de antisemitismo despu\u00e9s de c\u00e1nticos escuchados el lunes durante la derrota de los <em>Blues<\/em> ante el <strong>Watford,<\/strong> pese a que el club hab\u00eda lanzado unos d\u00edas antes una campa\u00f1a de sensibilizaci\u00f3n.<\/p>\n<p style=\"text-align: center;\"><a href=\"https:\/\/www.futboltotal.com.mx\/futbol-internacional\/liga-de-inglaterra\/la-increible-cantidad-ofrece-chelsea-marco-asensio\/2018\/02\">VER M\u00c1S: La incre\u00edble cantidad que ofrece Chelsea por Marco Asensio<\/a><\/p>\n<p>El <strong>West Ham,<\/strong> por su parte, acaba de separarse de su responsable de fichajes <strong>Tony Henry,<\/strong> acusado de haber proferido comentarios racistas y que fueron revelados por el diario brit\u00e1nico <em>Daily Mail,<\/em> <mark>en donde aseguraba que estaba mal visto incorporar a jugadores de raza negra.<\/mark><\/p>\n<p><mark>El racismo fue la forma m\u00e1s com\u00fan de discriminaci\u00f3n en el f\u00fatbol ingl\u00e9s, representando el<strong> 54%<\/strong> de los incidentes;<\/mark>\u00a0mientras que la homofobia, bifobia y transfobia representaron el 22 por ciento.<\/p>\n<p><em>&#8220;Los l\u00edderes de todos los sectores de la sociedad y el f\u00fatbol, as\u00ed como el p\u00fablico en general y los propios aficionados, deben tomar medidas, denunciar la discriminaci\u00f3n y ayudarnos a erradicar el odio&#8221;<\/em> manifest\u00f3 de manera firme <strong>Herman Ouseley,<\/strong> Presidente de<strong><em> Kick It Out.\u00a0<\/em><\/strong><\/p>\n<p><img decoding=\"async\" loading=\"lazy\" class=\"wp-image-517028 aligncenter\" src=\"https:\/\/www.futboltotal.com.mx\/wp-content\/uploads\/2018\/02\/ra2-1024x576.jpg\" alt=\"Los casos de racismo en el f\u00fatbol ingl\u00e9s crecieron en un 75% 0\" srcset=\"http:\/\/desarrollo.grupomedios.com\/futbol\/wp-content\/uploads\/2018\/02\/ra2.jpg 1024w, http:\/\/desarrollo.grupomedios.com\/futbol\/wp-content\/uploads\/2018\/02\/ra2-300x169.jpg 300w, http:\/\/desarrollo.grupomedios.com\/futbol\/wp-content\/uploads\/2018\/02\/ra2-768x432.jpg 768w, http:\/\/desarrollo.grupomedios.com\/futbol\/wp-content\/uploads\/2018\/02\/ra2-393x221.jpg 393w\" sizes=\"(max-width: 638px) 100vw, 638px\" \/><\/p>\n","protected":false},"excerpt":{"rendered":"<p>Una problem\u00e1tica que crece en los estadios y clubes. Chelsea y West Ham ya sufrieron importantes sanciones en los \u00faltimos d\u00edas. <\/p>\n","protected":false},"author":165,"featured_media":517026,"comment_status":"closed","ping_status":"closed","sticky":false,"template":"","format":"standard","meta":[],"categories":[3839,3846],"tags":[5981,3882,10928,603,11740,2830,334,1403,11741,1743],"_links":{"self":[{"href":"http:\/\/desarrollo.grupomedios.com\/futbol\/wp-json\/wp\/v2\/posts\/517020"}],"collection":[{"href":"http:\/\/desarrollo.grupomedios.com\/futbol\/wp-json\/wp\/v2\/posts"}],"about":[{"href":"http:\/\/desarrollo.grupomedios.com\/futbol\/wp-json\/wp\/v2\/types\/post"}],"author":[{"embeddable":true,"href":"http:\/\/desarrollo.grupomedios.com\/futbol\/wp-json\/wp\/v2\/users\/165"}],"replies":[{"embeddable":true,"href":"http:\/\/desarrollo.grupomedios.com\/futbol\/wp-json\/wp\/v2\/comments?post=517020"}],"version-history":[{"count":1,"href":"http:\/\/desarrollo.grupomedios.com\/futbol\/wp-json\/wp\/v2\/posts\/517020\/revisions"}],"predecessor-version":[{"id":517029,"href":"http:\/\/desarrollo.grupomedios.com\/futbol\/wp-json\/wp\/v2\/posts\/517020\/revisions\/517029"}],"wp:featuredmedia":[{"embeddable":true,"href":"http:\/\/desarrollo.grupomedios.com\/futbol\/wp-json\/wp\/v2\/media\/517026"}],"wp:attachment":[{"href":"http:\/\/desarrollo.grupomedios.com\/futbol\/wp-json\/wp\/v2\/media?parent=517020"}],"wp:term":[{"taxonomy":"category","embeddable":true,"href":"http:\/\/desarrollo.grupomedios.com\/futbol\/wp-json\/wp\/v2\/categories?post=517020"},{"taxonomy":"post_tag","embeddable":true,"href":"http:\/\/desarrollo.grupomedios.com\/futbol\/wp-json\/wp\/v2\/tags?post=517020"}],"curies":[{"name":"wp","href":"https:\/\/api.w.org\/{rel}","templated":true}]}}