{"id":517030,"date":"2018-02-08T13:23:53","date_gmt":"2018-02-08T19:23:53","guid":{"rendered":"https:\/\/www.futboltotal.com.mx\/?p=517030"},"modified":"2018-02-08T13:23:53","modified_gmt":"2018-02-08T19:23:53","slug":"los-jugadores-mexicanos-cruz-azul-supo-aprovechar","status":"publish","type":"post","link":"http:\/\/desarrollo.grupomedios.com\/futbol\/futbol-mexicano\/los-jugadores-mexicanos-cruz-azul-supo-aprovechar\/2018\/02","title":{"rendered":"Los jugadores mexicanos que Cruz Azul no supo aprovechar"},"content":{"rendered":"<p>El equipo de <strong>Cruz Azul<\/strong> tiene 20 a\u00f1os sin saborear las mieles de un t\u00edtulo de liga, algo que tiene sufriendo a los aficionados, sin embargo otra realidad es que tampoco han logrado consumar los proyectos que tienen en casa, varios jugadores mexicanos que han militado con la M\u00e1quina no han sido aprovechados en su m\u00e1ximo.<\/p>\n<p>Incluso algunos de los aqu\u00ed mencionados fueron campeones en otras instituciones luego de salir de Cruz Azul, algo que deja entrever una falta de paciencia para dejar madurar a los futbolistas.<\/p>\n<p>Aqu\u00ed 10\u00a0jugadores mexicanos que Cruz Azul no supo aprovechar:<\/p>\n<h2><strong>1. C\u00e9sar Villaluz<\/strong><\/h2>\n<p>De 2005 a 2011 el futbolista estuvo en el plantel cementero el Campe\u00f3n del Mundo Sub-17, en 2008 fue su mejor momento pero una lamentable falta con\u00a0Jos\u00e9 Manuel Cruzalta de Toluca lo marcar\u00eda de por vida en su carrera.<\/p>\n<p><img decoding=\"async\" loading=\"lazy\" class=\"aligncenter size-full wp-image-517031\" src=\"https:\/\/www.futboltotal.com.mx\/wp-content\/uploads\/2018\/02\/cesar-villaluz.jpg\" alt=\"Los jugadores mexicanos que Cruz Azul no supo aprovechar 0\" srcset=\"http:\/\/desarrollo.grupomedios.com\/futbol\/wp-content\/uploads\/2018\/02\/cesar-villaluz.jpg 400w, http:\/\/desarrollo.grupomedios.com\/futbol\/wp-content\/uploads\/2018\/02\/cesar-villaluz-209x300.jpg 209w\" sizes=\"(max-width: 400px) 100vw, 400px\" \/><\/p>\n<p>&nbsp;<\/p>\n<h2><strong>2. Gerardo Lugo<\/strong><\/h2>\n<p>Durante 2007 a 2010 fue parte del equipo cementero, mostrando buena t\u00e9cnica y calidad, sin embargo no le dieron la oportunidad de madurar y fue mandado a Puebla. Fue de aquellos que salieron subcampeones con los cementeros, pero con Tigres UANL si logr\u00f3 ganar la liga.<\/p>\n<p><img decoding=\"async\" loading=\"lazy\" class=\"aligncenter size-full wp-image-517032\" src=\"https:\/\/www.futboltotal.com.mx\/wp-content\/uploads\/2018\/02\/gerardo-lugo.jpg\" alt=\"Los jugadores mexicanos que Cruz Azul no supo aprovechar 1\" srcset=\"http:\/\/desarrollo.grupomedios.com\/futbol\/wp-content\/uploads\/2018\/02\/gerardo-lugo.jpg 400w, http:\/\/desarrollo.grupomedios.com\/futbol\/wp-content\/uploads\/2018\/02\/gerardo-lugo-200x300.jpg 200w\" sizes=\"(max-width: 400px) 100vw, 400px\" \/><\/p>\n<h2><strong>3. Edgar Andrade<\/strong><\/h2>\n<p>Otro Campe\u00f3n del Mundo Sub-17 estuvo con los cementeros de 2006 a 2009 pero una lesi\u00f3n jugando frente a los Tecos en donde se rompi\u00f3 el tobillo comenz\u00f3 el calvario del talentoso creativo, quien para 2010 lleg\u00f3 a Jaguares de Chiapas y se acab\u00f3 su historia celeste.<\/p>\n<p><img decoding=\"async\" loading=\"lazy\" class=\"aligncenter size-full wp-image-517034\" src=\"https:\/\/www.futboltotal.com.mx\/wp-content\/uploads\/2018\/02\/edgar-andrade.jpg\" alt=\"Los jugadores mexicanos que Cruz Azul no supo aprovechar 2\" srcset=\"http:\/\/desarrollo.grupomedios.com\/futbol\/wp-content\/uploads\/2018\/02\/edgar-andrade.jpg 800w, http:\/\/desarrollo.grupomedios.com\/futbol\/wp-content\/uploads\/2018\/02\/edgar-andrade-300x225.jpg 300w, http:\/\/desarrollo.grupomedios.com\/futbol\/wp-content\/uploads\/2018\/02\/edgar-andrade-768x576.jpg 768w\" sizes=\"(max-width: 800px) 100vw, 800px\" \/><\/p>\n<h2><span style=\"font-weight: 400;\"><strong>4. Alejandro Corona<\/strong> <\/span><\/h2>\n<p>Del 2000 al 2006 este delantero comenz\u00f3 a brillar con los cementeros, jug\u00f3 cerca de 106 partidos y anot\u00f3 15 goles, un futbolista que pudo haber explotado m\u00e1s pero fue traspasado a Jaguares de Chiapas.<\/p>\n<p><img decoding=\"async\" loading=\"lazy\" class=\"aligncenter size-full wp-image-517035\" src=\"https:\/\/www.futboltotal.com.mx\/wp-content\/uploads\/2018\/02\/alejandro-corona.jpg\" alt=\"Los jugadores mexicanos que Cruz Azul no supo aprovechar 3\" srcset=\"http:\/\/desarrollo.grupomedios.com\/futbol\/wp-content\/uploads\/2018\/02\/alejandro-corona.jpg 580w, http:\/\/desarrollo.grupomedios.com\/futbol\/wp-content\/uploads\/2018\/02\/alejandro-corona-284x300.jpg 284w\" sizes=\"(max-width: 580px) 100vw, 580px\" \/><\/p>\n<h2><strong>5. Juan Carlos Cacho<\/strong><\/h2>\n<p>Uno de los delanteros que parec\u00edan m\u00e1s prometedores para los cementeros de 2001 a 2004 estuvo en La M\u00e1quina y tuvo buenas actuaciones tanto en liga como Copa Libertadores pero termin\u00f3 siendo vendido a los Tuzos de Pachuca, donde s\u00ed logr\u00f3 salir campe\u00f3n siendo pieza fundamental.<\/p>\n<p><img decoding=\"async\" loading=\"lazy\" class=\"aligncenter size-full wp-image-517036\" src=\"https:\/\/www.futboltotal.com.mx\/wp-content\/uploads\/2018\/02\/juan-carlos-cacho.jpg\" alt=\"Los jugadores mexicanos que Cruz Azul no supo aprovechar 4\" srcset=\"http:\/\/desarrollo.grupomedios.com\/futbol\/wp-content\/uploads\/2018\/02\/juan-carlos-cacho.jpg 768w, http:\/\/desarrollo.grupomedios.com\/futbol\/wp-content\/uploads\/2018\/02\/juan-carlos-cacho-300x169.jpg 300w, http:\/\/desarrollo.grupomedios.com\/futbol\/wp-content\/uploads\/2018\/02\/juan-carlos-cacho-393x221.jpg 393w\" sizes=\"(max-width: 768px) 100vw, 768px\" \/><\/p>\n<p style=\"text-align: center;\"><a href=\"https:\/\/www.futboltotal.com.mx\/futbol-mexicano\/liga-mx\/darwin-quintero-saldria-del-america\/2018\/02\">VER M\u00c1S:Darwin Quintero si saldr\u00eda del Am\u00e9rica, este ser\u00eda su destino<\/a><\/p>\n<h2><strong>6. Javier Aquino<\/strong><\/h2>\n<p>De 2010 a 2013 jug\u00f3 este mediocampista con los cementeros, tal vez ser\u00eda la \u00faltima promesa de la cantera celeste. Se march\u00f3 en busca del sue\u00f1o europeo con el Villarreal de Espa\u00f1a; hoy vive momentos exitosos con los Tigres UANL.<\/p>\n<p><img decoding=\"async\" loading=\"lazy\" class=\"aligncenter size-full wp-image-517037\" src=\"https:\/\/www.futboltotal.com.mx\/wp-content\/uploads\/2018\/02\/javier-aquino-cruz-azul.jpg\" alt=\"Los jugadores mexicanos que Cruz Azul no supo aprovechar 5\" srcset=\"http:\/\/desarrollo.grupomedios.com\/futbol\/wp-content\/uploads\/2018\/02\/javier-aquino-cruz-azul.jpg 1200w, http:\/\/desarrollo.grupomedios.com\/futbol\/wp-content\/uploads\/2018\/02\/javier-aquino-cruz-azul-300x200.jpg 300w, http:\/\/desarrollo.grupomedios.com\/futbol\/wp-content\/uploads\/2018\/02\/javier-aquino-cruz-azul-768x512.jpg 768w, http:\/\/desarrollo.grupomedios.com\/futbol\/wp-content\/uploads\/2018\/02\/javier-aquino-cruz-azul-1024x683.jpg 1024w\" sizes=\"(max-width: 1200px) 100vw, 1200px\" \/><\/p>\n<h2><strong>7. N\u00e9stor Araujo<\/strong><\/h2>\n<p>Con Cruz Azul estuvo de 2010 a 2013 mostrando cosas interesantes como defensa central, sin embargo no alcanz\u00f3 a consolidarse como un titular del conjunto cementero; pas\u00f3 a Santos Laguna, donde hasta el d\u00eda de hoy se mantiene y ya gan\u00f3 un t\u00edtulo de liga en 2015, adem\u00e1s que se ha convertido en un habitual en la Selecci\u00f3n Mexicana.<\/p>\n<p><img decoding=\"async\" loading=\"lazy\" class=\"aligncenter size-full wp-image-517038\" src=\"https:\/\/www.futboltotal.com.mx\/wp-content\/uploads\/2018\/02\/nestor-araujo-cruz.jpg\" alt=\"Los jugadores mexicanos que Cruz Azul no supo aprovechar 6\" srcset=\"http:\/\/desarrollo.grupomedios.com\/futbol\/wp-content\/uploads\/2018\/02\/nestor-araujo-cruz.jpg 800w, http:\/\/desarrollo.grupomedios.com\/futbol\/wp-content\/uploads\/2018\/02\/nestor-araujo-cruz-300x169.jpg 300w, http:\/\/desarrollo.grupomedios.com\/futbol\/wp-content\/uploads\/2018\/02\/nestor-araujo-cruz-768x432.jpg 768w, http:\/\/desarrollo.grupomedios.com\/futbol\/wp-content\/uploads\/2018\/02\/nestor-araujo-cruz-393x221.jpg 393w\" sizes=\"(max-width: 800px) 100vw, 800px\" \/><\/p>\n<h2><strong>8. Jair Pereira<\/strong><\/h2>\n<p>El defensa central estuvo apenas dos a\u00f1os con el conjunto cementero, otro caso similar al de Araujo, en donde se pod\u00eda ver el potencial del jugador pero de igual manera decidieron darle salida; lleg\u00f3 a Chivas de Guadalajara donde ya sali\u00f3 campe\u00f3n de la liga.<\/p>\n<p><img decoding=\"async\" loading=\"lazy\" class=\"aligncenter size-full wp-image-517039\" src=\"https:\/\/www.futboltotal.com.mx\/wp-content\/uploads\/2018\/02\/jair-pereira-cruz-azul.jpg\" alt=\"Los jugadores mexicanos que Cruz Azul no supo aprovechar 7\" srcset=\"http:\/\/desarrollo.grupomedios.com\/futbol\/wp-content\/uploads\/2018\/02\/jair-pereira-cruz-azul.jpg 725w, http:\/\/desarrollo.grupomedios.com\/futbol\/wp-content\/uploads\/2018\/02\/jair-pereira-cruz-azul-300x179.jpg 300w\" sizes=\"(max-width: 725px) 100vw, 725px\" \/><\/p>\n<h2><strong>9. Gibr\u00e1n Lajud<\/strong><\/h2>\n<p>El guardameta no alcanz\u00f3 a debutar ni siquiera con la m\u00e1quina, estuvo en categor\u00edas inferiores como Sub-17 y Sub-20, pero en 2014 lleg\u00f3 a pr\u00e9stamo con Xolos de Tijuana, equipo con el que ha logrado regularidad y en la actualidad se ha ganado una convocatoria a la Selecci\u00f3n Mexicana.<\/p>\n<p><img decoding=\"async\" loading=\"lazy\" class=\"aligncenter size-full wp-image-517040\" src=\"https:\/\/www.futboltotal.com.mx\/wp-content\/uploads\/2018\/02\/gibran-lajud-cruz-azul.jpg\" alt=\"Los jugadores mexicanos que Cruz Azul no supo aprovechar 8\" srcset=\"http:\/\/desarrollo.grupomedios.com\/futbol\/wp-content\/uploads\/2018\/02\/gibran-lajud-cruz-azul.jpg 405w, http:\/\/desarrollo.grupomedios.com\/futbol\/wp-content\/uploads\/2018\/02\/gibran-lajud-cruz-azul-200x300.jpg 200w\" sizes=\"(max-width: 405px) 100vw, 405px\" \/><\/p>\n<h2><span style=\"font-weight: 400;\"><strong>10. Javier Orozco<\/strong> <\/span><\/h2>\n<p>El famoso &#8216;Chuletita&#8217; parec\u00eda un delantero de garant\u00edas en ciernes para los cementeros, de 2005 a 2013 hizo 14 goles en 50 partidos pero prefirieron extranjeros antes que \u00e9l; Santos Laguna fue quien le dio oportunidad y sali\u00f3 campe\u00f3n en el Clausura 2015 teniendo una actuaci\u00f3n destacada en la final ante Quer\u00e9taro.<\/p>\n<p><img decoding=\"async\" loading=\"lazy\" class=\"aligncenter size-full wp-image-517041\" src=\"https:\/\/www.futboltotal.com.mx\/wp-content\/uploads\/2018\/02\/javier-orozco.jpg\" alt=\"Los jugadores mexicanos que Cruz Azul no supo aprovechar 9\" srcset=\"http:\/\/desarrollo.grupomedios.com\/futbol\/wp-content\/uploads\/2018\/02\/javier-orozco.jpg 650w, http:\/\/desarrollo.grupomedios.com\/futbol\/wp-content\/uploads\/2018\/02\/javier-orozco-300x196.jpg 300w\" sizes=\"(max-width: 650px) 100vw, 650px\" \/><\/p>\n<p style=\"text-align: center;\"><a href=\"https:\/\/www.futboltotal.com.mx\/futbol-internacional\/liga-de-espana\/zidane-sacara-a-isco-fichar-a-estrella-premier-legue\/2018\/02\">VER M\u00c1S: Zidane sacar\u00e1 a Isco para fichar a estrella de Premier Legue<\/a><\/p>\n","protected":false},"excerpt":{"rendered":"<p>El cuadro cementero no ha sabido aprovechar al talento que tiene en casa<\/p>\n","protected":false},"author":159,"featured_media":517042,"comment_status":"closed","ping_status":"closed","sticky":false,"template":"","format":"standard","meta":[],"categories":[7570,2198,3845],"tags":[11742,1177,5962,2237,733,7856,955,6025,629,388,1972],"_links":{"self":[{"href":"http:\/\/desarrollo.grupomedios.com\/futbol\/wp-json\/wp\/v2\/posts\/517030"}],"collection":[{"href":"http:\/\/desarrollo.grupomedios.com\/futbol\/wp-json\/wp\/v2\/posts"}],"about":[{"href":"http:\/\/desarrollo.grupomedios.com\/futbol\/wp-json\/wp\/v2\/types\/post"}],"author":[{"embeddable":true,"href":"http:\/\/desarrollo.grupomedios.com\/futbol\/wp-json\/wp\/v2\/users\/159"}],"replies":[{"embeddable":true,"href":"http:\/\/desarrollo.grupomedios.com\/futbol\/wp-json\/wp\/v2\/comments?post=517030"}],"version-history":[{"count":1,"href":"http:\/\/desarrollo.grupomedios.com\/futbol\/wp-json\/wp\/v2\/posts\/517030\/revisions"}],"predecessor-version":[{"id":517043,"href":"http:\/\/desarrollo.grupomedios.com\/futbol\/wp-json\/wp\/v2\/posts\/517030\/revisions\/517043"}],"wp:featuredmedia":[{"embeddable":true,"href":"http:\/\/desarrollo.grupomedios.com\/futbol\/wp-json\/wp\/v2\/media\/517042"}],"wp:attachment":[{"href":"http:\/\/desarrollo.grupomedios.com\/futbol\/wp-json\/wp\/v2\/media?parent=517030"}],"wp:term":[{"taxonomy":"category","embeddable":true,"href":"http:\/\/desarrollo.grupomedios.com\/futbol\/wp-json\/wp\/v2\/categories?post=517030"},{"taxonomy":"post_tag","embeddable":true,"href":"http:\/\/desarrollo.grupomedios.com\/futbol\/wp-json\/wp\/v2\/tags?post=517030"}],"curies":[{"name":"wp","href":"https:\/\/api.w.org\/{rel}","templated":true}]}}