{"id":517045,"date":"2018-02-08T15:56:22","date_gmt":"2018-02-08T21:56:22","guid":{"rendered":"https:\/\/www.futboltotal.com.mx\/?p=517045"},"modified":"2018-02-08T15:56:22","modified_gmt":"2018-02-08T21:56:22","slug":"tema-del-descenso-arde-la-asociacion-futbolistas-entrara-a-la-defensa","status":"publish","type":"post","link":"http:\/\/desarrollo.grupomedios.com\/futbol\/futbol-mexicano\/tema-del-descenso-arde-la-asociacion-futbolistas-entrara-a-la-defensa\/2018\/02","title":{"rendered":"El tema del descenso arde: la Asociaci\u00f3n de Futbolistas entrar\u00e1 a la defensa"},"content":{"rendered":"<p>La <strong>Asociaci\u00f3n de Futbolistas Mexicanos<\/strong> entrar\u00e1 a la defensa de todos los jugadores que se encuentran en la <strong>Liga de Ascenso<\/strong>, sobre la posibilidad de que ya no pudieran acceder con sus respectivos equipos en los pr\u00f3ximos cuatro a\u00f1os.<\/p>\n<p><strong>Ismael Valadez<\/strong>, vocal de la AFMpro en el <strong>Ascenso MX<\/strong>, se\u00f1al\u00f3 que hay mucha impotencia sobre la situaci\u00f3n que podr\u00eda venirse encima, ya que &#8220;es algo que no conviene al jugador, no conviene al t\u00e9cnico ni conviene al directivo&#8221;.<\/p>\n<p>La Federaci\u00f3n Mexicana de Futbol y la <strong>Liga MX<\/strong> estar\u00eda pensando en disolver el tema del descenso por los pr\u00f3ximos cuatro a\u00f1os, con base en estad\u00edsticas que seg\u00fan <strong>Enrique Bonilla<\/strong>, presidente de la liga se han recopilado en los pr\u00f3ximos a\u00f1os.<\/p>\n<p style=\"text-align: center;\"><span style=\"color: #333399;\"><a href=\"https:\/\/www.futboltotal.com.mx\/destacado-home\/fc-juarez-2-alebrijes-oaxaca-4-liguilla-apertura-2017-resumen\/2017\/12\">VER M\u00c1S: <span class=\"item-title\">Alebrijes de Oaxaca, campe\u00f3n del Ascenso MX<\/span><\/a><\/span><\/p>\n<p>Esta situaci\u00f3n ya ha provocado decisiones desafortunadas como la renuncia del presidente del Tampico Madero, <strong>Javier San Rom\u00e1n<\/strong>, despu\u00e9s de que se hablara sobre la abolici\u00f3n del posible ascenso a la Primera Divisi\u00f3n.<\/p>\n<p>Valadez se\u00f1al\u00f3 que tienen confianza en sus otros compa\u00f1eros que son parte de la mesa directiva de la Asociaci\u00f3n de Futbolistas y que militan en la Liga MX como <strong>Oribe Peralta, Carlos Salcido, Christian &#8216;Chaco&#8217; Gim\u00e9nez o Rafael M\u00e1rquez<\/strong> que pueden apoyarlos.<\/p>\n<p>La idea de la Liga MX plantea que para el 2019 ya no habr\u00eda ascenso, y se designar\u00eda a dos escuadras que subir\u00edan de <strong>18 a 20 equipos<\/strong> para disputar jornada a jornada del futbol mexicano. Algunas fuentes se\u00f1alaron que <strong>Dorados y Atlante<\/strong> ser\u00edan los equipos designados.<\/p>\n<p style=\"text-align: center;\">VER M\u00c1S: <span class=\"item-title\">Los jugadores mexicanos que Cruz Azul no supo aprovechar<\/span><\/p>\n<p>Actualmente, los <strong>Alebrijes de Oaxaca<\/strong> fue el equipo que logr\u00f3 ser el campe\u00f3n del Apertura 2017 y espera al campe\u00f3n del Clausura 2018 para pelear la oportunidad de ascender al M\u00e1ximo Circuito.<\/p>\n<p>&nbsp;<\/p>\n<p>&nbsp;<\/p>\n","protected":false},"excerpt":{"rendered":"<p>Ismael Valadez coment\u00f3 la frustraci\u00f3n que existe dentro de la liga de ascenso<\/p>\n","protected":false},"author":160,"featured_media":517047,"comment_status":"closed","ping_status":"closed","sticky":false,"template":"","format":"standard","meta":[],"categories":[3843,2198,3845],"tags":[432,9704],"_links":{"self":[{"href":"http:\/\/desarrollo.grupomedios.com\/futbol\/wp-json\/wp\/v2\/posts\/517045"}],"collection":[{"href":"http:\/\/desarrollo.grupomedios.com\/futbol\/wp-json\/wp\/v2\/posts"}],"about":[{"href":"http:\/\/desarrollo.grupomedios.com\/futbol\/wp-json\/wp\/v2\/types\/post"}],"author":[{"embeddable":true,"href":"http:\/\/desarrollo.grupomedios.com\/futbol\/wp-json\/wp\/v2\/users\/160"}],"replies":[{"embeddable":true,"href":"http:\/\/desarrollo.grupomedios.com\/futbol\/wp-json\/wp\/v2\/comments?post=517045"}],"version-history":[{"count":1,"href":"http:\/\/desarrollo.grupomedios.com\/futbol\/wp-json\/wp\/v2\/posts\/517045\/revisions"}],"predecessor-version":[{"id":517048,"href":"http:\/\/desarrollo.grupomedios.com\/futbol\/wp-json\/wp\/v2\/posts\/517045\/revisions\/517048"}],"wp:featuredmedia":[{"embeddable":true,"href":"http:\/\/desarrollo.grupomedios.com\/futbol\/wp-json\/wp\/v2\/media\/517047"}],"wp:attachment":[{"href":"http:\/\/desarrollo.grupomedios.com\/futbol\/wp-json\/wp\/v2\/media?parent=517045"}],"wp:term":[{"taxonomy":"category","embeddable":true,"href":"http:\/\/desarrollo.grupomedios.com\/futbol\/wp-json\/wp\/v2\/categories?post=517045"},{"taxonomy":"post_tag","embeddable":true,"href":"http:\/\/desarrollo.grupomedios.com\/futbol\/wp-json\/wp\/v2\/tags?post=517045"}],"curies":[{"name":"wp","href":"https:\/\/api.w.org\/{rel}","templated":true}]}}